{"id":5388,"date":"2021-03-02T07:30:55","date_gmt":"2021-03-02T07:30:55","guid":{"rendered":"http:\/\/milanosiamonoi.com\/?p=5388"},"modified":"2021-03-01T17:32:48","modified_gmt":"2021-03-01T17:32:48","slug":"2-marzo-1991-2-marzo-2021","status":"publish","type":"post","link":"https:\/\/www.milanosiamonoi.com\/index.php\/2021\/03\/02\/2-marzo-1991-2-marzo-2021\/","title":{"rendered":"2 marzo 1991 &#8211; 2 marzo 2021"},"content":{"rendered":"\n<p>&#8220;Milano \u00e8 campione d&#8217;Italia, Milano \u00e8 campione d&#8217;Italia, dopo 31 anni Milano \u00e8 campione d&#8217;Italia&#8221;. Riprendiamo le parole di Danilo Freri, gridate alla fine di una radiocronaca intensa, al termine di una stagione esaltante che tanti giovani e meno giovani avevano vissuto all&#8217;insegna di un sogno chiamato scudetto. Soprattutto per i tifosi di vecchia data, quelli che avevano vissuto l&#8217;epopea dei Diavoli, quel titolo rappresentava la fine di un lungo &#8220;esilio&#8221;. Milano recuperava il tempo perso da quel tricolore vinto nell&#8217;ormai lontano 1960, Milano tornava finalmente a primeggiare sulle valli. Lo faceva in una struttura avveniristica, il Forum di Assago, costruita per accogliere le migliaia di appassionati che avevano ripreso a frequentare la pista ghiacciata di via Piranesi. <\/p>\n\n\n\n<p>&#8220;Milano \u00e8 campione d&#8217;Italia&#8221; dicevamo. Lo \u00e8 nel momento che rappresenta forse il punto pi\u00f9 alto raggiunto, ad oggi, dall&#8217;hockey italiano. <\/p>\n\n\n\n<p>E allora ci piace tornare a quei momenti, a quella <a href=\"https:\/\/www.milanosiamonoi.com\/wp-content\/uploads\/2020\/03\/campioni1991.mp3\" data-type=\"URL\" data-id=\"https:\/\/www.milanosiamonoi.com\/wp-content\/uploads\/2020\/03\/campioni1991.mp3\">radiocronaca<\/a>, alle parole di Danilo Freri: &#8220;&#8230; i campioni d&#8217;Italia 1991 sono Mike Zanier, Marco Capone, Bill Stewart, Bob Manno e Daniel Fascinato. Gerard Ciarcia e Gianfranco Odino, Dave Tommasoni e Paul Beraldo, Kevin Lavallee e Mark Johnson, Tony Fiore e Joe Foglietta, John Vecchiarelli e Maurizio Vacca, Rico Rossi e Marco Favalli, Richard Bragnalo&#8230; colui che ha regalato lo scudetto a Milano&#8230;&#8221; <\/p>\n\n\n\n<p>Sono passati 30 anni e i giovani tifosi di allora sono i meno giovani tifosi di oggi: quelli che hanno vissuto l&#8217;epopea del Saima e aspettano la fine dell'&#8221;esilio&#8221;. <\/p>\n\n\n\n<p>Perch\u00e9 alla fine &#8220;nessuna notte \u00e8 tanto lunga da impedire al sole di risorgere&#8221;.<\/p>\n","protected":false},"excerpt":{"rendered":"<p>&#8220;Milano \u00e8 campione d&#8217;Italia, Milano \u00e8 campione d&#8217;Italia, dopo 31 anni Milano \u00e8 campione d&#8217;Italia&#8221;. Riprendiamo le parole di Danilo Freri, gridate alla fine di&#8230;<\/p>\n","protected":false},"author":1,"featured_media":5387,"comment_status":"closed","ping_status":"closed","sticky":false,"template":"","format":"standard","meta":{"spay_email":"","footnotes":""},"categories":[3],"tags":[184,189,188,9,66,56,186,47,58,134,187],"jetpack_featured_media_url":"https:\/\/www.milanosiamonoi.com\/wp-content\/uploads\/2021\/03\/2marzo91.jpg","_links":{"self":[{"href":"https:\/\/www.milanosiamonoi.com\/index.php\/wp-json\/wp\/v2\/posts\/5388"}],"collection":[{"href":"https:\/\/www.milanosiamonoi.com\/index.php\/wp-json\/wp\/v2\/posts"}],"about":[{"href":"https:\/\/www.milanosiamonoi.com\/index.php\/wp-json\/wp\/v2\/types\/post"}],"author":[{"embeddable":true,"href":"https:\/\/www.milanosiamonoi.com\/index.php\/wp-json\/wp\/v2\/users\/1"}],"replies":[{"embeddable":true,"href":"https:\/\/www.milanosiamonoi.com\/index.php\/wp-json\/wp\/v2\/comments?post=5388"}],"version-history":[{"count":1,"href":"https:\/\/www.milanosiamonoi.com\/index.php\/wp-json\/wp\/v2\/posts\/5388\/revisions"}],"predecessor-version":[{"id":5389,"href":"https:\/\/www.milanosiamonoi.com\/index.php\/wp-json\/wp\/v2\/posts\/5388\/revisions\/5389"}],"wp:featuredmedia":[{"embeddable":true,"href":"https:\/\/www.milanosiamonoi.com\/index.php\/wp-json\/wp\/v2\/media\/5387"}],"wp:attachment":[{"href":"https:\/\/www.milanosiamonoi.com\/index.php\/wp-json\/wp\/v2\/media?parent=5388"}],"wp:term":[{"taxonomy":"category","embeddable":true,"href":"https:\/\/www.milanosiamonoi.com\/index.php\/wp-json\/wp\/v2\/categories?post=5388"},{"taxonomy":"post_tag","embeddable":true,"href":"https:\/\/www.milanosiamonoi.com\/index.php\/wp-json\/wp\/v2\/tags?post=5388"}],"curies":[{"name":"wp","href":"https:\/\/api.w.org\/{rel}","templated":true}]}}