{"id":21524,"date":"2026-01-20T22:53:13","date_gmt":"2026-01-20T22:53:13","guid":{"rendered":"https:\/\/www.milanosiamonoi.com\/?p=21524"},"modified":"2026-01-21T13:21:30","modified_gmt":"2026-01-21T13:21:30","slug":"uno-di-noi","status":"publish","type":"post","link":"https:\/\/www.milanosiamonoi.com\/index.php\/2026\/01\/20\/uno-di-noi\/","title":{"rendered":"Uno di noi"},"content":{"rendered":"\n<p class=\"has-text-align-justify has-text-align-justify\">Davide Fadani \u00e8 uno di noi, uno dei figli della Saima, dei Vipers, del Milano Rossoblu. Suo padre segue l&#8217;hockey, se ne innamora, porta a palazzo i figli che ben presto chiedono di provare a scendere sul ghiaccio. Lo fanno iniziando a Milano, via dei Ciclamini.&nbsp; Andrea, classe 1999, cresce nel Milano Rossoblu, il fratello Davide, 2001, decide di mettersi a guardia di una gabbia e ben presto spicca il volo verso la vicina Svizzera. Cos\u00ec dopo Milano gioca a Lugano, ad Ambri ora al Kloten. Nel frattempo si segnala come uno dei migliori portieri italiani e arriva in nazionale. Il sogno olimpico si materializza con l&#8217;edizione di casa sua: Milano Cortina 2026.<\/p>\n\n\n\n<p class=\"has-text-align-justify has-text-align-justify\"><br>&#8220;Good job&#8221; Davide e complimenti. Siamo orgogliosi di te.<br>Non volercene quindi se affermiamo che sei stato anche fortunato. Se tu oggi avessi 5\/6 anni, se tuo padre ti portasse a vedere qualche partita delle Olimpiadi, se ti innamorassi dello sport pi\u00f9 veloce del mondo e chiedessi di provare, la tua citt\u00e0 non sarebbe in grado di darti una maledetta superficie ghiacciata su cui muovere i primi passi. La pista del Palaitalia sar\u00e0 smontata, quella in Fiera subir\u00e0 la stessa sorte, l&#8217;Agor\u00e0, non ne parliamo. Sono lontani i tempi in cui un personaggio visionario come Cesare Bonacossa si fece promotore della costruzione del Palazzo del Ghiaccio, unendo imprenditoria, politica, personalit\u00e0 sportive attorno alla sua &#8220;pazza&#8221;\u00a0 idea: costruire il Patinoire pi\u00f9 grande d&#8217;Europa. Le Olimpiadi renderanno Milano capitale degli sport del ghiaccio per una decina di giorni: godeteveli. Purtroppo a causa di scellerate scelte politiche, dispetti, ritardi vari non rester\u00e0 granch\u00e9. Qualcuno faccia qualcosa. Per dare almeno una possibilit\u00e0 di avere un nuovo portiere milanese convocato per le Olimpiadi: dopo Calcaterra, Gerosa, Mongini, Zopegni, Bolla.<br>E Fadani, uno di noi.<\/p>\n\n\n\n<figure class=\"wp-block-image size-full\"><img loading=\"lazy\" decoding=\"async\" width=\"800\" height=\"455\" src=\"https:\/\/www.milanosiamonoi.com\/wp-content\/uploads\/2026\/01\/fadani13-14.jpg\" alt=\"\" class=\"wp-image-21529\" srcset=\"https:\/\/www.milanosiamonoi.com\/wp-content\/uploads\/2026\/01\/fadani13-14.jpg 800w, https:\/\/www.milanosiamonoi.com\/wp-content\/uploads\/2026\/01\/fadani13-14-300x171.jpg 300w, https:\/\/www.milanosiamonoi.com\/wp-content\/uploads\/2026\/01\/fadani13-14-768x437.jpg 768w, https:\/\/www.milanosiamonoi.com\/wp-content\/uploads\/2026\/01\/fadani13-14-100x57.jpg 100w, https:\/\/www.milanosiamonoi.com\/wp-content\/uploads\/2026\/01\/fadani13-14-50x28.jpg 50w, https:\/\/www.milanosiamonoi.com\/wp-content\/uploads\/2026\/01\/fadani13-14-25x14.jpg 25w, https:\/\/www.milanosiamonoi.com\/wp-content\/uploads\/2026\/01\/fadani13-14-740x421.jpg 740w\" sizes=\"(max-width: 800px) 100vw, 800px\" \/><figcaption class=\"wp-element-caption\">Stagione 2013-14: un giovanissimo Davide Fadani nell&#8217;under 14 Hockey Milano Rossoblu (foto www.imagefactory.it)<\/figcaption><\/figure>\n\n\n\n<figure class=\"wp-block-image size-full\"><img loading=\"lazy\" decoding=\"async\" width=\"800\" height=\"455\" src=\"https:\/\/www.milanosiamonoi.com\/wp-content\/uploads\/2026\/01\/fadani13-14b.jpg\" alt=\"\" class=\"wp-image-21530\" srcset=\"https:\/\/www.milanosiamonoi.com\/wp-content\/uploads\/2026\/01\/fadani13-14b.jpg 800w, https:\/\/www.milanosiamonoi.com\/wp-content\/uploads\/2026\/01\/fadani13-14b-300x171.jpg 300w, https:\/\/www.milanosiamonoi.com\/wp-content\/uploads\/2026\/01\/fadani13-14b-768x437.jpg 768w, https:\/\/www.milanosiamonoi.com\/wp-content\/uploads\/2026\/01\/fadani13-14b-100x57.jpg 100w, https:\/\/www.milanosiamonoi.com\/wp-content\/uploads\/2026\/01\/fadani13-14b-50x28.jpg 50w, https:\/\/www.milanosiamonoi.com\/wp-content\/uploads\/2026\/01\/fadani13-14b-25x14.jpg 25w, https:\/\/www.milanosiamonoi.com\/wp-content\/uploads\/2026\/01\/fadani13-14b-740x421.jpg 740w\" sizes=\"(max-width: 800px) 100vw, 800px\" \/><\/figure>\n\n\n\n<figure class=\"wp-block-image size-full\"><img loading=\"lazy\" decoding=\"async\" width=\"800\" height=\"623\" src=\"https:\/\/www.milanosiamonoi.com\/wp-content\/uploads\/2026\/01\/fadani_italia_big.jpg\" alt=\"\" class=\"wp-image-21531\" srcset=\"https:\/\/www.milanosiamonoi.com\/wp-content\/uploads\/2026\/01\/fadani_italia_big.jpg 800w, https:\/\/www.milanosiamonoi.com\/wp-content\/uploads\/2026\/01\/fadani_italia_big-300x234.jpg 300w, https:\/\/www.milanosiamonoi.com\/wp-content\/uploads\/2026\/01\/fadani_italia_big-768x598.jpg 768w, https:\/\/www.milanosiamonoi.com\/wp-content\/uploads\/2026\/01\/fadani_italia_big-100x78.jpg 100w, https:\/\/www.milanosiamonoi.com\/wp-content\/uploads\/2026\/01\/fadani_italia_big-50x39.jpg 50w, https:\/\/www.milanosiamonoi.com\/wp-content\/uploads\/2026\/01\/fadani_italia_big-25x19.jpg 25w, https:\/\/www.milanosiamonoi.com\/wp-content\/uploads\/2026\/01\/fadani_italia_big-740x576.jpg 740w\" sizes=\"(max-width: 800px) 100vw, 800px\" \/><figcaption class=\"wp-element-caption\">Davide Fadani in maglia azzurra (ufficio stampa FISG)<\/figcaption><\/figure>\n","protected":false},"excerpt":{"rendered":"<p>Davide Fadani \u00e8 uno di noi, uno dei figli della Saima, dei Vipers, del Milano Rossoblu. Suo padre segue l&#8217;hockey, se ne innamora, porta a&#8230;<\/p>\n","protected":false},"author":1,"featured_media":21535,"comment_status":"closed","ping_status":"closed","sticky":false,"template":"","format":"standard","meta":{"spay_email":"","footnotes":""},"categories":[335,4],"tags":[118,207,345,25,89,339,343,12,34],"jetpack_featured_media_url":"https:\/\/www.milanosiamonoi.com\/wp-content\/uploads\/2026\/01\/Fadani-Immaginepersito.jpg","_links":{"self":[{"href":"https:\/\/www.milanosiamonoi.com\/index.php\/wp-json\/wp\/v2\/posts\/21524"}],"collection":[{"href":"https:\/\/www.milanosiamonoi.com\/index.php\/wp-json\/wp\/v2\/posts"}],"about":[{"href":"https:\/\/www.milanosiamonoi.com\/index.php\/wp-json\/wp\/v2\/types\/post"}],"author":[{"embeddable":true,"href":"https:\/\/www.milanosiamonoi.com\/index.php\/wp-json\/wp\/v2\/users\/1"}],"replies":[{"embeddable":true,"href":"https:\/\/www.milanosiamonoi.com\/index.php\/wp-json\/wp\/v2\/comments?post=21524"}],"version-history":[{"count":6,"href":"https:\/\/www.milanosiamonoi.com\/index.php\/wp-json\/wp\/v2\/posts\/21524\/revisions"}],"predecessor-version":[{"id":21539,"href":"https:\/\/www.milanosiamonoi.com\/index.php\/wp-json\/wp\/v2\/posts\/21524\/revisions\/21539"}],"wp:featuredmedia":[{"embeddable":true,"href":"https:\/\/www.milanosiamonoi.com\/index.php\/wp-json\/wp\/v2\/media\/21535"}],"wp:attachment":[{"href":"https:\/\/www.milanosiamonoi.com\/index.php\/wp-json\/wp\/v2\/media?parent=21524"}],"wp:term":[{"taxonomy":"category","embeddable":true,"href":"https:\/\/www.milanosiamonoi.com\/index.php\/wp-json\/wp\/v2\/categories?post=21524"},{"taxonomy":"post_tag","embeddable":true,"href":"https:\/\/www.milanosiamonoi.com\/index.php\/wp-json\/wp\/v2\/tags?post=21524"}],"curies":[{"name":"wp","href":"https:\/\/api.w.org\/{rel}","templated":true}]}}