{"id":21492,"date":"2026-01-07T16:47:40","date_gmt":"2026-01-07T16:47:40","guid":{"rendered":"https:\/\/www.milanosiamonoi.com\/?p=21492"},"modified":"2026-01-08T16:30:26","modified_gmt":"2026-01-08T16:30:26","slug":"un-popolo-che-si-riconosce","status":"publish","type":"post","link":"https:\/\/www.milanosiamonoi.com\/index.php\/2026\/01\/07\/un-popolo-che-si-riconosce\/","title":{"rendered":"Un popolo che si riconosce"},"content":{"rendered":"\n<p>di Francesco Caligaris<\/p>\n\n\n\n<p class=\"has-text-align-justify\">Lo confesso subito: sabato 10 gennaio non ci sar\u00f2. Purtroppo.<\/p>\n\n\n\n<p class=\"has-text-align-justify\">L\u2019antefatto \u00e8 un buono sconto in un\u2019agenzia viaggi in scadenza a ottobre, per il mio compleanno, sommato alla (s)fortunata coincidenza di un fine settimana lavorativamente libero all\u2019inizio di gennaio. C\u2019\u00e8 Fiorentina-Milan alle tre del pomeriggio, mia moglie ha un cugino a Firenze e in un attimo mi organizzo, ignaro di ci\u00f2 che sta bollendo in pentola a Santa Giulia. (Sorvolo sul fatto che due biglietti del treno andata e ritorno per Firenze siano costati pi\u00f9 del pur sostanzioso buono di cui disponevo, e soprattutto che, a pochi giorni dalla partita, non abbia ancora il biglietto per lo stadio \u2013 qualcosa mi inventer\u00f2).<\/p>\n\n\n\n<p class=\"has-text-align-justify\">Sabato 10 gennaio non ci sar\u00f2, e mi dispiace.<\/p>\n\n\n\n<p class=\"has-text-align-justify\">Non ci sar\u00f2 come il 2 marzo 1991, perch\u00e9 non ero ancora nato; non ci sar\u00f2 come ai tempi dei Vipers, perch\u00e9 ero solo un bambino; non ci sar\u00f2 come quel sabato sera del novembre 2014, quando Fontanive segn\u00f2 all\u2019overtime contro l\u2019Asiago nei quarti di finale di Coppa Italia, perch\u00e9 mi trovavo per lavoro in una stanza d\u2019albergo a Torino (ma seguii comunque la radiocronaca della partita su MilanoSiamoNoi). Ci sono stato molte altre volte, invece, prima e dopo il 17 giugno 2015, e da quel giorno probabilmente non \u00e8 passato un solo giorno senza che io pensassi alla Saima. Risorgeremo? Non risorgeremo? Chi lo sa.<\/p>\n\n\n\n<p class=\"has-text-align-justify\">Ho sempre pensato, come ha scritto Giorgio, che \u00absarebbe bello trovarci insieme un\u2019altra volta, colorare uno stadio e cantare come se non ci fosse un domani. Che in effetti potrebbe non esserci\u00bb. E, nonostante qualche parere scettico, concordo con Claudio quando scrive che \u00abse non dovesse bastare urlarlo al cielo per vederlo tornare, sar\u00e0 il ritorno al passato di una sola notte, sar\u00e0 l\u2019occasione per salutare i vecchi amici, sar\u00e0 un modo per far conoscere qualcosa di noi ai nostri figli\u00bb (anche se io ancora non ne ho).<\/p>\n\n\n\n<p class=\"has-text-align-justify\">Quando a dicembre ho visto molte facce note a Rho Fiera per i Mondiali under 20, non nego di aver provato una strana sensazione, quasi un po\u2019 d\u2019ansia, forse quella che oggi viene chiamata Fomo: cos\u00ec tante persone da salutare dopo circa dieci anni e cos\u00ec poco tempo a disposizione, giusto i quindici minuti di pausa tra un periodo e l\u2019altro. Sono sicuro che lo stesso accadr\u00e0 durante i giorni delle Olimpiadi, con chi avr\u00e0 avuto la fortuna e le possibilit\u00e0 economiche di acquistare qualche biglietto. Questo \u00e8 ci\u00f2 che \u00e8 rimasto dell\u2019hockey a Milano: un popolo che si riconosce, si scambia sorrisi nostalgici e fugaci cenni d\u2019intesa anche se non si frequenta pi\u00f9 da quasi un decennio.<\/p>\n\n\n\n<p class=\"has-text-align-justify\">Sabato 10 gennaio servir\u00e0 proprio a questo: a ritrovarsi. E anche se non ci sar\u00f2 fisicamente, avr\u00f2 la Saima nel cuore, come sempre.<\/p>\n\n\n\n<p class=\"has-text-align-justify\">Voi siateci. Io intanto cerco ancora un modo per procurarmi un biglietto per Fiorentina-Milan, e intanto penso a una risposta convincente per quando mia moglie mi chieder\u00e0: \u00abMa scusami, perch\u00e9 siamo venuti fino a Firenze per vedere la partita sul telefono con Dazn?\u00bb.<\/p>\n","protected":false},"excerpt":{"rendered":"<p>di Francesco Caligaris Lo confesso subito: sabato 10 gennaio non ci sar\u00f2. Purtroppo. L\u2019antefatto \u00e8 un buono sconto in un\u2019agenzia viaggi in scadenza a ottobre,&#8230;<\/p>\n","protected":false},"author":8,"featured_media":21500,"comment_status":"closed","ping_status":"closed","sticky":false,"template":"","format":"standard","meta":{"spay_email":"","footnotes":""},"categories":[335,190],"tags":[123,89,339,343,166,12,338],"jetpack_featured_media_url":"https:\/\/www.milanosiamonoi.com\/wp-content\/uploads\/2026\/01\/Contributo-Caligaris-Immagine-per-sito-2.jpg","_links":{"self":[{"href":"https:\/\/www.milanosiamonoi.com\/index.php\/wp-json\/wp\/v2\/posts\/21492"}],"collection":[{"href":"https:\/\/www.milanosiamonoi.com\/index.php\/wp-json\/wp\/v2\/posts"}],"about":[{"href":"https:\/\/www.milanosiamonoi.com\/index.php\/wp-json\/wp\/v2\/types\/post"}],"author":[{"embeddable":true,"href":"https:\/\/www.milanosiamonoi.com\/index.php\/wp-json\/wp\/v2\/users\/8"}],"replies":[{"embeddable":true,"href":"https:\/\/www.milanosiamonoi.com\/index.php\/wp-json\/wp\/v2\/comments?post=21492"}],"version-history":[{"count":2,"href":"https:\/\/www.milanosiamonoi.com\/index.php\/wp-json\/wp\/v2\/posts\/21492\/revisions"}],"predecessor-version":[{"id":21494,"href":"https:\/\/www.milanosiamonoi.com\/index.php\/wp-json\/wp\/v2\/posts\/21492\/revisions\/21494"}],"wp:featuredmedia":[{"embeddable":true,"href":"https:\/\/www.milanosiamonoi.com\/index.php\/wp-json\/wp\/v2\/media\/21500"}],"wp:attachment":[{"href":"https:\/\/www.milanosiamonoi.com\/index.php\/wp-json\/wp\/v2\/media?parent=21492"}],"wp:term":[{"taxonomy":"category","embeddable":true,"href":"https:\/\/www.milanosiamonoi.com\/index.php\/wp-json\/wp\/v2\/categories?post=21492"},{"taxonomy":"post_tag","embeddable":true,"href":"https:\/\/www.milanosiamonoi.com\/index.php\/wp-json\/wp\/v2\/tags?post=21492"}],"curies":[{"name":"wp","href":"https:\/\/api.w.org\/{rel}","templated":true}]}}