{"id":20029,"date":"2025-05-06T08:00:00","date_gmt":"2025-05-06T08:00:00","guid":{"rendered":"https:\/\/www.milanosiamonoi.com\/?p=20029"},"modified":"2025-05-02T12:28:22","modified_gmt":"2025-05-02T12:28:22","slug":"renato-brivio-il-capitano","status":"publish","type":"post","link":"https:\/\/www.milanosiamonoi.com\/index.php\/2025\/05\/06\/renato-brivio-il-capitano\/","title":{"rendered":"Renato Brivio: il Capitano!"},"content":{"rendered":"\n<p class=\"has-text-align-center\">Renato Brivio (Binasco 6 maggio 1944) \u00e8 nel buon numero di ragazzini dediti a frequentare il Palazzo del ghiaccio di via Piranesi che si innamorano dell&#8217;hockey. Entra a far parte dei giovanissimi del Milaninter HC avviati al nostro sport da Aldo Federici. Le prime stagioni sono tutt&#8217;altro che semplici, ma le agguerrite e pi\u00f9 esperte Amatori e Bocconi costringono i Federici boys a crescere rapidamente.<\/p>\n\n\n<div class=\"wp-block-image\">\n<figure class=\"aligncenter size-large\"><img loading=\"lazy\" decoding=\"async\" width=\"1024\" height=\"617\" src=\"https:\/\/www.milanosiamonoi.com\/wp-content\/uploads\/2025\/01\/58.-foto-Allievi-MIHC-con-Brivio-1024x617.jpg\" alt=\"\" class=\"wp-image-20034\" srcset=\"https:\/\/www.milanosiamonoi.com\/wp-content\/uploads\/2025\/01\/58.-foto-Allievi-MIHC-con-Brivio-1024x617.jpg 1024w, https:\/\/www.milanosiamonoi.com\/wp-content\/uploads\/2025\/01\/58.-foto-Allievi-MIHC-con-Brivio-300x181.jpg 300w, https:\/\/www.milanosiamonoi.com\/wp-content\/uploads\/2025\/01\/58.-foto-Allievi-MIHC-con-Brivio-768x462.jpg 768w, https:\/\/www.milanosiamonoi.com\/wp-content\/uploads\/2025\/01\/58.-foto-Allievi-MIHC-con-Brivio-100x60.jpg 100w, https:\/\/www.milanosiamonoi.com\/wp-content\/uploads\/2025\/01\/58.-foto-Allievi-MIHC-con-Brivio-50x30.jpg 50w, https:\/\/www.milanosiamonoi.com\/wp-content\/uploads\/2025\/01\/58.-foto-Allievi-MIHC-con-Brivio-25x15.jpg 25w, https:\/\/www.milanosiamonoi.com\/wp-content\/uploads\/2025\/01\/58.-foto-Allievi-MIHC-con-Brivio-1126x678.jpg 1126w, https:\/\/www.milanosiamonoi.com\/wp-content\/uploads\/2025\/01\/58.-foto-Allievi-MIHC-con-Brivio-740x446.jpg 740w, https:\/\/www.milanosiamonoi.com\/wp-content\/uploads\/2025\/01\/58.-foto-Allievi-MIHC-con-Brivio.jpg 1141w\" sizes=\"(max-width: 1024px) 100vw, 1024px\" \/><figcaption class=\"wp-element-caption\"><em>A destra di chi guarda<\/em>; <em>in piedi Aldo Federici, sotto Renato Brivio. (foto di Alberto Pedrazzi).<\/em><\/figcaption><\/figure><\/div>\n\n\n<p class=\"has-text-align-center\"> Nel 1960, la squadra ha nel frattempo mutato denominazione in Diavoli HC Milano, avviene il sorpasso sui cuginetti. Con il sedicenne Renato emergono Bandiera, Minutello, Talamona e Bonometti, ciononostante nella fase finale del campionato allievi i Diavolini devono accontentarsi della medaglia di bronzo. Il titolo va alla SSV Bozen, secondo il Bolzano (in porta c&#8217;\u00e8 il diciottenne Franco Viale). Va specificato che, non esistendo un campionato juniores, negli allievi giocano anche diciottenni che inevitabilmente fanno la differenza, vedi gli attaccanti SSV Norbert Koler e Klaus Zelger.<\/p>\n\n\n\n<p class=\"has-text-align-center\">La stagione successiva, con il chiaro intento di puntare allo scudetto di categoria, Renato in compagnia di Minutello, Mario Prosperi, Talamona e Sassi, lascia i Diavoli per l&#8217;Amatori. La scelta non dar\u00e0 il frutto sperato, l&#8217;Ortisei, met\u00e0 squadra in Nazionale allievi, \u00e8 una corazzata inaffondabile e sulla pista di casa si conferma campione.<\/p>\n\n\n<div class=\"wp-block-image\">\n<figure class=\"aligncenter size-full\"><img loading=\"lazy\" decoding=\"async\" width=\"811\" height=\"575\" src=\"https:\/\/www.milanosiamonoi.com\/wp-content\/uploads\/2022\/03\/61.01.-foto-All.-AmM.png\" alt=\"\" class=\"wp-image-12870\" srcset=\"https:\/\/www.milanosiamonoi.com\/wp-content\/uploads\/2022\/03\/61.01.-foto-All.-AmM.png 811w, https:\/\/www.milanosiamonoi.com\/wp-content\/uploads\/2022\/03\/61.01.-foto-All.-AmM-300x213.png 300w, https:\/\/www.milanosiamonoi.com\/wp-content\/uploads\/2022\/03\/61.01.-foto-All.-AmM-768x545.png 768w, https:\/\/www.milanosiamonoi.com\/wp-content\/uploads\/2022\/03\/61.01.-foto-All.-AmM-100x71.png 100w, https:\/\/www.milanosiamonoi.com\/wp-content\/uploads\/2022\/03\/61.01.-foto-All.-AmM-50x35.png 50w, https:\/\/www.milanosiamonoi.com\/wp-content\/uploads\/2022\/03\/61.01.-foto-All.-AmM-25x18.png 25w, https:\/\/www.milanosiamonoi.com\/wp-content\/uploads\/2022\/03\/61.01.-foto-All.-AmM-740x525.png 740w\" sizes=\"(max-width: 811px) 100vw, 811px\" \/><figcaption class=\"wp-element-caption\"><em>Allievi Amatori Milano 1960\/61. Renato Brivio \u00e8 il terzo in piedi da sinistra.<\/em><\/figcaption><\/figure><\/div>\n\n\n<p class=\"has-text-align-center\"> Il nostro Ren\u00e9 \u00e8 sempre tra i migliori, nel febbraio del 1961 in occasione del torneo di Innsbruck indossa la maglia azzurra. In questa rappresentativa allievi trova come compagni di squadra giocatori con cui incrocer\u00e0 i bastoni nel prosieguo della carriera; tra gli altri: Robert Gamper, Lucio Brugnoli, Bruno Ghedina, Werner Holzner, Giampietro Marini, Ferruccio Pasolli. Il 5 marzo a Foppolo altra presenza nella giovanile contro la Svizzera (3-3). Oltre a Brivio, grande festa per i migliori della scuola Piranesi: Riccardo Bandiera e Gianfranco Rigamonti (Amatori Milano), Luciano Nucci ed Ernesto Paracchini (Ambrosiano). La settimana successiva, al Palazzo vs Ascona, esordio in prima squadra con l&#8217;Amatori.<\/p>\n\n\n<div class=\"wp-block-image\">\n<figure class=\"aligncenter size-full\"><img loading=\"lazy\" decoding=\"async\" width=\"700\" height=\"580\" src=\"https:\/\/www.milanosiamonoi.com\/wp-content\/uploads\/2022\/03\/61.03.05-foto-All-Ita-Svi-3-3.png\" alt=\"\" class=\"wp-image-12871\" srcset=\"https:\/\/www.milanosiamonoi.com\/wp-content\/uploads\/2022\/03\/61.03.05-foto-All-Ita-Svi-3-3.png 700w, https:\/\/www.milanosiamonoi.com\/wp-content\/uploads\/2022\/03\/61.03.05-foto-All-Ita-Svi-3-3-300x249.png 300w, https:\/\/www.milanosiamonoi.com\/wp-content\/uploads\/2022\/03\/61.03.05-foto-All-Ita-Svi-3-3-100x83.png 100w, https:\/\/www.milanosiamonoi.com\/wp-content\/uploads\/2022\/03\/61.03.05-foto-All-Ita-Svi-3-3-50x41.png 50w, https:\/\/www.milanosiamonoi.com\/wp-content\/uploads\/2022\/03\/61.03.05-foto-All-Ita-Svi-3-3-25x21.png 25w\" sizes=\"(max-width: 700px) 100vw, 700px\" \/><figcaption class=\"wp-element-caption\"><em>Da sinistra in piedi: Renato, Nucci e Gianfranco Rigamonti, in prima fila Ernesto Paracchini e Bandiera a Foppolo.<\/em><\/figcaption><\/figure><\/div>\n\n\n<p class=\"has-text-align-center\">Nel 1961\/62 il ritorno ai Diavoli e il salto in prima squadra. A diciassette anni e mezzo Renato fa il suo esordio a Friborgo nella Coppa Mauroux contro il Villars. E&#8217; il 28 ottobre 1961, lo stesso giorno in cui si apre il Palazzo del ghiaccio di via Piranesi. Diavoli manco uno straniero e alle spalle solo allenamenti a secco, in quegli anni accadeva anche quello!<\/p>\n\n\n<div class=\"wp-block-image\">\n<figure class=\"aligncenter size-full\"><img loading=\"lazy\" decoding=\"async\" width=\"983\" height=\"667\" src=\"https:\/\/www.milanosiamonoi.com\/wp-content\/uploads\/2022\/04\/61.12.-foto-DM.png\" alt=\"\" class=\"wp-image-12925\" srcset=\"https:\/\/www.milanosiamonoi.com\/wp-content\/uploads\/2022\/04\/61.12.-foto-DM.png 983w, https:\/\/www.milanosiamonoi.com\/wp-content\/uploads\/2022\/04\/61.12.-foto-DM-300x204.png 300w, https:\/\/www.milanosiamonoi.com\/wp-content\/uploads\/2022\/04\/61.12.-foto-DM-768x521.png 768w, https:\/\/www.milanosiamonoi.com\/wp-content\/uploads\/2022\/04\/61.12.-foto-DM-100x68.png 100w, https:\/\/www.milanosiamonoi.com\/wp-content\/uploads\/2022\/04\/61.12.-foto-DM-50x34.png 50w, https:\/\/www.milanosiamonoi.com\/wp-content\/uploads\/2022\/04\/61.12.-foto-DM-25x17.png 25w, https:\/\/www.milanosiamonoi.com\/wp-content\/uploads\/2022\/04\/61.12.-foto-DM-740x502.png 740w\" sizes=\"(max-width: 983px) 100vw, 983px\" \/><figcaption class=\"wp-element-caption\"><em>Diavoli 1961\/62. Renato \u00e8 il secondo in prima fila tra Crotti ed Ernesto Paracchini.<\/em><\/figcaption><\/figure><\/div>\n\n\n<p class=\"has-text-align-center\">Un mese dopo debutto al Piranesi con i finlandesi del TPS Turku, Renato gioca in difesa con Bedogni, in attacco \u00e8 arrivato dal Canada Dino Leggio, ma i gol vengono tutti del trio delle meraviglie ABC.<\/p>\n\n\n<div class=\"wp-block-image\">\n<figure class=\"aligncenter size-full is-resized\"><img loading=\"lazy\" decoding=\"async\" width=\"644\" height=\"829\" src=\"https:\/\/www.milanosiamonoi.com\/wp-content\/uploads\/2025\/01\/61.11.17-Diavoli-TPS-3-0-tab-corr.jpg\" alt=\"\" class=\"wp-image-20051\" style=\"width:423px;height:auto\" srcset=\"https:\/\/www.milanosiamonoi.com\/wp-content\/uploads\/2025\/01\/61.11.17-Diavoli-TPS-3-0-tab-corr.jpg 644w, https:\/\/www.milanosiamonoi.com\/wp-content\/uploads\/2025\/01\/61.11.17-Diavoli-TPS-3-0-tab-corr-233x300.jpg 233w, https:\/\/www.milanosiamonoi.com\/wp-content\/uploads\/2025\/01\/61.11.17-Diavoli-TPS-3-0-tab-corr-78x100.jpg 78w, https:\/\/www.milanosiamonoi.com\/wp-content\/uploads\/2025\/01\/61.11.17-Diavoli-TPS-3-0-tab-corr-39x50.jpg 39w, https:\/\/www.milanosiamonoi.com\/wp-content\/uploads\/2025\/01\/61.11.17-Diavoli-TPS-3-0-tab-corr-19x25.jpg 19w\" sizes=\"(max-width: 644px) 100vw, 644px\" \/><figcaption class=\"wp-element-caption\"><em>Da &#8220;La Gazzetta dello Sport&#8221;.<\/em><\/figcaption><\/figure><\/div>\n\n\n<p class=\"has-text-align-center\">A Bolzano l&#8217;esordio in serie A, il suo compagno di linea \u00e8 Igino Larese Fece, i Diavoli espugnano il PalaFiera 6-4. <\/p>\n\n\n<div class=\"wp-block-image\">\n<figure class=\"aligncenter size-full is-resized\"><img loading=\"lazy\" decoding=\"async\" width=\"598\" height=\"719\" src=\"https:\/\/www.milanosiamonoi.com\/wp-content\/uploads\/2022\/04\/61.12.09-A-Bz-DM-4-6-Copia.jpg\" alt=\"\" class=\"wp-image-12941\" style=\"width:428px;height:auto\" srcset=\"https:\/\/www.milanosiamonoi.com\/wp-content\/uploads\/2022\/04\/61.12.09-A-Bz-DM-4-6-Copia.jpg 598w, https:\/\/www.milanosiamonoi.com\/wp-content\/uploads\/2022\/04\/61.12.09-A-Bz-DM-4-6-Copia-250x300.jpg 250w, https:\/\/www.milanosiamonoi.com\/wp-content\/uploads\/2022\/04\/61.12.09-A-Bz-DM-4-6-Copia-83x100.jpg 83w, https:\/\/www.milanosiamonoi.com\/wp-content\/uploads\/2022\/04\/61.12.09-A-Bz-DM-4-6-Copia-42x50.jpg 42w, https:\/\/www.milanosiamonoi.com\/wp-content\/uploads\/2022\/04\/61.12.09-A-Bz-DM-4-6-Copia-21x25.jpg 21w\" sizes=\"(max-width: 598px) 100vw, 598px\" \/><figcaption class=\"wp-element-caption\"><em>Da &#8220;La Gazzetta dello Sport&#8221;.<\/em><\/figcaption><\/figure><\/div>\n\n\n<p class=\"has-text-align-center\">Nel massimo campionato gioca tutte le dodici partite, met\u00e0 delle quali in coppia con Bedogni. Biancorossi al secondo posto, il Cortina campione perde una volta sola: al Piranesi.<\/p>\n\n\n\n<p class=\"has-text-align-center\">In dicembre gioca l&#8217;ultima Spengler a cui partecipano i Diavoli. Gli avversari sono d&#8217;alto rango, Dino Leggio segna nove reti in quattro partite, ma i Diavoli superano solo il Fussen. A causa di questa sconfitta i bavaresi &#8220;lasciano&#8221; la Coppa ai francesi, si fa per dire, dell&#8217;ACBB: terza vittoria consecutiva e Spengler definitivamente a Parigi. In febbraio convocazione in Nazionale B, due partite in Germania. Tedeschi troppo forti, a Oberstforf finisce 7-3, Renato segna due reti. Il ct Barton lo premia inserendolo nella selezione italiana che a Milano affronta la Cecoslovacchia B.<\/p>\n\n\n\n<p class=\"has-text-align-center\">1962\/63, secondo anno in prima squadra condizionato da un infortunio novembrino quando si guadagna la convocazione in Nazionale ed \u00e8 costretto a saltare la tourn\u00e9e in Cecoslovacchia. Smaltito l&#8217;infortunio rientra il 10 gennaio 1963: Diavoli-Cortina 8-3. Il campionato lo vince il Bolzano con un punto di vantaggio sul Cortina (lascia due punti fondamentali al Piranesi) e tre sui Diavoli. La squadra di Federici e capitan Bedogni paga le rinunce di Toto Guccione e Igino Larese Fece, fondamentali per un reparto difensivo da primato. I Diavoli sono il migliore attacco, ma le reti al passivo sono troppe. Renato, Andrea Lusena e Luciano Nucci sono giovanissimi, gli acciacchi complicano le cose tanto che per un paio di partite Federici deve ricorrere addirittura al trentasettenne Giancarlo Bucchetti! Da non tralasciare la perdita del sostegno economico del comm. Pavoni dimessosi nel corso dell&#8217;estate, probabilmente la vera chiave per il mancato successo finale. In azzurro Renato si dovr\u00e0 accontentare di due partite con la Nazionale B in linea con Andrea Lusena contro la Francia, in attacco c&#8217;\u00e8 anche Ernesto Paracchini. Il mondiale B si svolge a Stoccolma, la FISG da forfait.<\/p>\n\n\n<div class=\"wp-block-image\">\n<figure class=\"aligncenter size-full\"><img loading=\"lazy\" decoding=\"async\" width=\"933\" height=\"546\" src=\"https:\/\/www.milanosiamonoi.com\/wp-content\/uploads\/2022\/05\/62.11.16-foto-DM-Copia.jpg\" alt=\"\" class=\"wp-image-13229\" srcset=\"https:\/\/www.milanosiamonoi.com\/wp-content\/uploads\/2022\/05\/62.11.16-foto-DM-Copia.jpg 933w, https:\/\/www.milanosiamonoi.com\/wp-content\/uploads\/2022\/05\/62.11.16-foto-DM-Copia-300x176.jpg 300w, https:\/\/www.milanosiamonoi.com\/wp-content\/uploads\/2022\/05\/62.11.16-foto-DM-Copia-768x449.jpg 768w, https:\/\/www.milanosiamonoi.com\/wp-content\/uploads\/2022\/05\/62.11.16-foto-DM-Copia-100x59.jpg 100w, https:\/\/www.milanosiamonoi.com\/wp-content\/uploads\/2022\/05\/62.11.16-foto-DM-Copia-50x29.jpg 50w, https:\/\/www.milanosiamonoi.com\/wp-content\/uploads\/2022\/05\/62.11.16-foto-DM-Copia-25x15.jpg 25w, https:\/\/www.milanosiamonoi.com\/wp-content\/uploads\/2022\/05\/62.11.16-foto-DM-Copia-740x433.jpg 740w\" sizes=\"(max-width: 933px) 100vw, 933px\" \/><figcaption class=\"wp-element-caption\"><em>Da sinistra in piedi: Branduardi, Agazzi, Brivio, Gianfranco Rigamonti, Nucci, Bedogni. In prima fila: Morelli, Whittal, Crotti, Ceserani, Bolla, Andrea Lusena.<\/em><\/figcaption><\/figure><\/div>\n\n\n<p class=\"has-text-align-center\">Il 24 novembre 1963 a Innsbruck esordisce in Nazionale, gioca in linea con Gianfranco Da Rin. Sfortunato il risultato, 6-1 per l&#8217;Austria, sfortuna nel corso del match; Renato esce per infortunio: fuori un mese. Nonostante il lungo periodo riabilitativo, il coach azzurro Slavomir Barton lo include nella lista del collegiale dei probabili olimpici, programmata a Cortina dal 16 al 26 gennaio 1964. Renato perde il treno per Innsbruck il 6 gennaio a Ortisei, in una partita del campionato 1963\/64 decisiva per l&#8217;ingresso nel girone finale, quando in uno scontro con un avversario subisce un duro colpo a una coscia: niente Olimpiadi e Diavoli esclusi dalla fase finale.<\/p>\n\n\n<div class=\"wp-block-image\">\n<figure class=\"aligncenter size-full\"><img loading=\"lazy\" decoding=\"async\" width=\"768\" height=\"580\" src=\"https:\/\/www.milanosiamonoi.com\/wp-content\/uploads\/2022\/05\/63.64-foto-DM.jpg\" alt=\"\" class=\"wp-image-13379\" srcset=\"https:\/\/www.milanosiamonoi.com\/wp-content\/uploads\/2022\/05\/63.64-foto-DM.jpg 768w, https:\/\/www.milanosiamonoi.com\/wp-content\/uploads\/2022\/05\/63.64-foto-DM-300x227.jpg 300w, https:\/\/www.milanosiamonoi.com\/wp-content\/uploads\/2022\/05\/63.64-foto-DM-100x76.jpg 100w, https:\/\/www.milanosiamonoi.com\/wp-content\/uploads\/2022\/05\/63.64-foto-DM-50x38.jpg 50w, https:\/\/www.milanosiamonoi.com\/wp-content\/uploads\/2022\/05\/63.64-foto-DM-25x19.jpg 25w, https:\/\/www.milanosiamonoi.com\/wp-content\/uploads\/2022\/05\/63.64-foto-DM-740x559.jpg 740w\" sizes=\"(max-width: 768px) 100vw, 768px\" \/><figcaption class=\"wp-element-caption\"><em>Diavoli 1963\/64, Renato il quarto in piedi da sinistra.<\/em><\/figcaption><\/figure><\/div>\n\n\n<p class=\"has-text-align-center\">Bedogni si \u00e8 ritirato, gli altri veterani tutti a mezzo servizio per motivi di lavoro, lapidarie le parole del ct Bestagini: &#8211;<em>La squadra non c&#8217;\u00e8 pi\u00f9, oggi l&#8217;ossatura \u00e8 costituita da giovani ancora acerbi e soprattutto tre ore settimanali per gli allenamenti sono insufficienti<\/em>-. Il Cortina si riprende lo scudetto, vince tutte le partite tranne un pari per 2-2 al Piranesi con i Diavoli.<\/p>\n\n\n<div class=\"wp-block-image\">\n<figure class=\"aligncenter size-full is-resized\"><img loading=\"lazy\" decoding=\"async\" width=\"597\" height=\"671\" src=\"https:\/\/www.milanosiamonoi.com\/wp-content\/uploads\/2022\/05\/63.12.13-A-DM-Cort-2-2-tab.jpg\" alt=\"\" class=\"wp-image-13374\" style=\"width:423px;height:auto\" srcset=\"https:\/\/www.milanosiamonoi.com\/wp-content\/uploads\/2022\/05\/63.12.13-A-DM-Cort-2-2-tab.jpg 597w, https:\/\/www.milanosiamonoi.com\/wp-content\/uploads\/2022\/05\/63.12.13-A-DM-Cort-2-2-tab-267x300.jpg 267w, https:\/\/www.milanosiamonoi.com\/wp-content\/uploads\/2022\/05\/63.12.13-A-DM-Cort-2-2-tab-89x100.jpg 89w, https:\/\/www.milanosiamonoi.com\/wp-content\/uploads\/2022\/05\/63.12.13-A-DM-Cort-2-2-tab-44x50.jpg 44w, https:\/\/www.milanosiamonoi.com\/wp-content\/uploads\/2022\/05\/63.12.13-A-DM-Cort-2-2-tab-22x25.jpg 22w\" sizes=\"(max-width: 597px) 100vw, 597px\" \/><figcaption class=\"wp-element-caption\"><em>Da &#8220;La Gazzetta dello Sport&#8221;.<\/em><\/figcaption><\/figure><\/div>\n\n\n<p class=\"has-text-align-center\">Quella del 1964\/65 una stagione tormentata. Alla vigilia del campionato scoppia la vertenza tra i pi\u00f9 giovani e la dirigenza dei Diavoli. Brivio, Radaelli, Nucci, i due Lusena e i due Rigamonti decidono di non giocare fino alla risoluzione del problema. Il caso si chiude dopo una decina di giorni, ma la dirigenza sospende Brivio per comportamento indisciplinato. Renato accusa &#8220;La Gazzetta dello Sport&#8221; di non aver dato l&#8217;esatta versione dei fatti, affermando di avere saltato alcuni allenamenti su prescrizione del medico sociale dott. Bonomi: riposo assoluto a causa di emorragie nasali. Una stagione brevissima, salvo due presenza in Nazionale contro l&#8217;Ungheria, in pratica mai iniziata.<\/p>\n\n\n<div class=\"wp-block-image\">\n<figure class=\"aligncenter size-full is-resized\"><img loading=\"lazy\" decoding=\"async\" width=\"902\" height=\"664\" src=\"https:\/\/www.milanosiamonoi.com\/wp-content\/uploads\/2022\/06\/64.10.23-foto-DM-ZSC-9-4-1.png\" alt=\"\" class=\"wp-image-13609\" style=\"width:772px;height:auto\" srcset=\"https:\/\/www.milanosiamonoi.com\/wp-content\/uploads\/2022\/06\/64.10.23-foto-DM-ZSC-9-4-1.png 902w, https:\/\/www.milanosiamonoi.com\/wp-content\/uploads\/2022\/06\/64.10.23-foto-DM-ZSC-9-4-1-300x221.png 300w, https:\/\/www.milanosiamonoi.com\/wp-content\/uploads\/2022\/06\/64.10.23-foto-DM-ZSC-9-4-1-768x565.png 768w, https:\/\/www.milanosiamonoi.com\/wp-content\/uploads\/2022\/06\/64.10.23-foto-DM-ZSC-9-4-1-100x74.png 100w, https:\/\/www.milanosiamonoi.com\/wp-content\/uploads\/2022\/06\/64.10.23-foto-DM-ZSC-9-4-1-50x37.png 50w, https:\/\/www.milanosiamonoi.com\/wp-content\/uploads\/2022\/06\/64.10.23-foto-DM-ZSC-9-4-1-25x18.png 25w, https:\/\/www.milanosiamonoi.com\/wp-content\/uploads\/2022\/06\/64.10.23-foto-DM-ZSC-9-4-1-740x545.png 740w\" sizes=\"(max-width: 902px) 100vw, 902px\" \/><figcaption class=\"wp-element-caption\"><em>Diavoli 1964\/65, Renato il terzo in piedi da sinistra.<\/em><\/figcaption><\/figure><\/div>\n\n\n<p class=\"has-text-align-center\">Nel 1965\/66 la chiamata alle armi condiziona stagione e rendimento, inevitabile la mancata convocazione in Nazionale per il mondiale in Jugoslavia.<\/p>\n\n\n<div class=\"wp-block-image\">\n<figure class=\"aligncenter size-full is-resized\"><img loading=\"lazy\" decoding=\"async\" width=\"962\" height=\"722\" src=\"https:\/\/www.milanosiamonoi.com\/wp-content\/uploads\/2025\/01\/65-66-foto-Brivio-e-Giulio-Ober-Crotti.jpg\" alt=\"\" class=\"wp-image-20067\" style=\"width:712px;height:auto\" srcset=\"https:\/\/www.milanosiamonoi.com\/wp-content\/uploads\/2025\/01\/65-66-foto-Brivio-e-Giulio-Ober-Crotti.jpg 962w, https:\/\/www.milanosiamonoi.com\/wp-content\/uploads\/2025\/01\/65-66-foto-Brivio-e-Giulio-Ober-Crotti-300x225.jpg 300w, https:\/\/www.milanosiamonoi.com\/wp-content\/uploads\/2025\/01\/65-66-foto-Brivio-e-Giulio-Ober-Crotti-768x576.jpg 768w, https:\/\/www.milanosiamonoi.com\/wp-content\/uploads\/2025\/01\/65-66-foto-Brivio-e-Giulio-Ober-Crotti-100x75.jpg 100w, https:\/\/www.milanosiamonoi.com\/wp-content\/uploads\/2025\/01\/65-66-foto-Brivio-e-Giulio-Ober-Crotti-50x38.jpg 50w, https:\/\/www.milanosiamonoi.com\/wp-content\/uploads\/2025\/01\/65-66-foto-Brivio-e-Giulio-Ober-Crotti-25x19.jpg 25w, https:\/\/www.milanosiamonoi.com\/wp-content\/uploads\/2025\/01\/65-66-foto-Brivio-e-Giulio-Ober-Crotti-740x555.jpg 740w, https:\/\/www.milanosiamonoi.com\/wp-content\/uploads\/2025\/01\/65-66-foto-Brivio-e-Giulio-Ober-Crotti-480x360.jpg 480w\" sizes=\"(max-width: 962px) 100vw, 962px\" \/><figcaption class=\"wp-element-caption\"><em>Renato alle prese con Giulio Oberhammer (Cortina).<\/em><\/figcaption><\/figure><\/div>\n\n<div class=\"wp-block-image\">\n<figure class=\"aligncenter size-full is-resized\"><img loading=\"lazy\" decoding=\"async\" width=\"960\" height=\"726\" src=\"https:\/\/www.milanosiamonoi.com\/wp-content\/uploads\/2022\/07\/66.01.13-foto-DM-Alle-Brivio-e-Agazzi-n.-12.jpg\" alt=\"\" class=\"wp-image-14168\" style=\"width:713px;height:auto\" srcset=\"https:\/\/www.milanosiamonoi.com\/wp-content\/uploads\/2022\/07\/66.01.13-foto-DM-Alle-Brivio-e-Agazzi-n.-12.jpg 960w, https:\/\/www.milanosiamonoi.com\/wp-content\/uploads\/2022\/07\/66.01.13-foto-DM-Alle-Brivio-e-Agazzi-n.-12-300x227.jpg 300w, https:\/\/www.milanosiamonoi.com\/wp-content\/uploads\/2022\/07\/66.01.13-foto-DM-Alle-Brivio-e-Agazzi-n.-12-768x581.jpg 768w, https:\/\/www.milanosiamonoi.com\/wp-content\/uploads\/2022\/07\/66.01.13-foto-DM-Alle-Brivio-e-Agazzi-n.-12-100x76.jpg 100w, https:\/\/www.milanosiamonoi.com\/wp-content\/uploads\/2022\/07\/66.01.13-foto-DM-Alle-Brivio-e-Agazzi-n.-12-50x38.jpg 50w, https:\/\/www.milanosiamonoi.com\/wp-content\/uploads\/2022\/07\/66.01.13-foto-DM-Alle-Brivio-e-Agazzi-n.-12-25x19.jpg 25w, https:\/\/www.milanosiamonoi.com\/wp-content\/uploads\/2022\/07\/66.01.13-foto-DM-Alle-Brivio-e-Agazzi-n.-12-740x560.jpg 740w\" sizes=\"(max-width: 960px) 100vw, 960px\" \/><figcaption class=\"wp-element-caption\"><em>Brivio, Agazzi e l&#8217;alleghese Luciano Checchini.<\/em><\/figcaption><\/figure><\/div>\n\n\n<p class=\"has-text-align-center\">Nel 1966 convola a nozze con Gloria, la luna di miele lo tiene inizialmente lontano dal ghiaccio, ma per la prima di fine ottobre al Piranesi con i vice-campioni svizzeri del Visp non pu\u00f2 mancare. In campionato domina il Cortina, le partite con gli ampezzani sono autentiche battaglie.<\/p>\n\n\n<div class=\"wp-block-image\">\n<figure class=\"aligncenter size-large is-resized\"><img loading=\"lazy\" decoding=\"async\" width=\"852\" height=\"1024\" src=\"https:\/\/www.milanosiamonoi.com\/wp-content\/uploads\/2022\/08\/Mastel-e-Brivio-852x1024.jpg\" alt=\"\" class=\"wp-image-14383\" style=\"width:539px;height:auto\" srcset=\"https:\/\/www.milanosiamonoi.com\/wp-content\/uploads\/2022\/08\/Mastel-e-Brivio-852x1024.jpg 852w, https:\/\/www.milanosiamonoi.com\/wp-content\/uploads\/2022\/08\/Mastel-e-Brivio-250x300.jpg 250w, https:\/\/www.milanosiamonoi.com\/wp-content\/uploads\/2022\/08\/Mastel-e-Brivio-768x923.jpg 768w, https:\/\/www.milanosiamonoi.com\/wp-content\/uploads\/2022\/08\/Mastel-e-Brivio-83x100.jpg 83w, https:\/\/www.milanosiamonoi.com\/wp-content\/uploads\/2022\/08\/Mastel-e-Brivio-42x50.jpg 42w, https:\/\/www.milanosiamonoi.com\/wp-content\/uploads\/2022\/08\/Mastel-e-Brivio-21x25.jpg 21w, https:\/\/www.milanosiamonoi.com\/wp-content\/uploads\/2022\/08\/Mastel-e-Brivio-740x890.jpg 740w, https:\/\/www.milanosiamonoi.com\/wp-content\/uploads\/2022\/08\/Mastel-e-Brivio.jpg 900w\" sizes=\"(max-width: 852px) 100vw, 852px\" \/><figcaption class=\"wp-element-caption\"><em>Renato bracca Giovanni Mastel (Cortina).<\/em><\/figcaption><\/figure><\/div>\n\n\n<p class=\"has-text-align-center\">Le ottime prestazioni lo riportano in Nazionale, sia nella maggiore che nella rappresentativa italiana, dove si guadagna il pass per il mondiale gruppo B di Vienna. Gli azzurri si classificano al quinto posto, precedono Austria, Svizzera e Ungheria: salvezza e soprattutto qualificazione per i Giochi Olimpici di Grenoble. Qualche mese e la FISG decider\u00e0 di non parteciparvi!<\/p>\n\n\n\n<p class=\"has-text-align-center\">1967\/68, la stagione inizia con un colpo di scena; Brivio, con Paracchini, Giorgio Rigamonti e il canadese Whittal, lascia i Diavoli per giocare con il Torino neopromosso in serie A. Gino Bestagini, ct azzurro e consigliere dei Diavoli, non digerisce l&#8217;accaduto: cancella Brivio e Paracchini dalla Nazionale. Nonostante i rinforzi il Torino termina all&#8217;ultimo posto, mentre i Diavoli perdono lo scudetto dopo spareggio con il Cortina. Viene da chiedersi come sarebbero andate le cose se Brivio, Paracchini e Giorgio Rigamonti fossero rimasti a Milano in una stagione in cui lo sponsor VOV non aveva badato a spese ingaggiando il canadase Adair e gli alleghesi Rudatis, Walter, Orazio e Orlando De Toni!<\/p>\n\n\n<div class=\"wp-block-image\">\n<figure class=\"aligncenter size-full\"><img loading=\"lazy\" decoding=\"async\" width=\"476\" height=\"555\" src=\"https:\/\/www.milanosiamonoi.com\/wp-content\/uploads\/2025\/01\/67.11-foto-Brivio-Torino.jpg\" alt=\"\" class=\"wp-image-20080\" srcset=\"https:\/\/www.milanosiamonoi.com\/wp-content\/uploads\/2025\/01\/67.11-foto-Brivio-Torino.jpg 476w, https:\/\/www.milanosiamonoi.com\/wp-content\/uploads\/2025\/01\/67.11-foto-Brivio-Torino-257x300.jpg 257w, https:\/\/www.milanosiamonoi.com\/wp-content\/uploads\/2025\/01\/67.11-foto-Brivio-Torino-86x100.jpg 86w, https:\/\/www.milanosiamonoi.com\/wp-content\/uploads\/2025\/01\/67.11-foto-Brivio-Torino-43x50.jpg 43w, https:\/\/www.milanosiamonoi.com\/wp-content\/uploads\/2025\/01\/67.11-foto-Brivio-Torino-21x25.jpg 21w\" sizes=\"(max-width: 476px) 100vw, 476px\" \/><figcaption class=\"wp-element-caption\"><em>Brivio con il toro sulla maglia.<\/em><\/figcaption><\/figure><\/div>\n\n\n<p class=\"has-text-align-center\">L&#8217;anno seguente il ritorno ai Diavoli. Buona partenza in campionato, battuti Bolzano e Cortina. La stagione si complica il 22 dicembre a Ortisei; sconfitta (6-3), tre giornate di squalifica a Brivio e due mesi a Franco Viale. Diavoli senza portieri e costretti a schierare per tre partite lo juniores Enrico Silipigni. Contestando la squalifica inflitta a Viale, in pratica fuori per tutta la stagione, il 6 gennaio 1969 a Cortina Federici e Ruzicka fanno scendere in pista sei uomini di movimento, nessuno in porta: 19-2!<\/p>\n\n\n<div class=\"wp-block-image\">\n<figure class=\"aligncenter size-full\"><img loading=\"lazy\" decoding=\"async\" width=\"664\" height=\"592\" src=\"https:\/\/www.milanosiamonoi.com\/wp-content\/uploads\/2022\/01\/69.01.06-A-Cort-DM-19-2-corinfo-sist..jpg\" alt=\"\" class=\"wp-image-12041\" srcset=\"https:\/\/www.milanosiamonoi.com\/wp-content\/uploads\/2022\/01\/69.01.06-A-Cort-DM-19-2-corinfo-sist..jpg 664w, https:\/\/www.milanosiamonoi.com\/wp-content\/uploads\/2022\/01\/69.01.06-A-Cort-DM-19-2-corinfo-sist.-300x267.jpg 300w, https:\/\/www.milanosiamonoi.com\/wp-content\/uploads\/2022\/01\/69.01.06-A-Cort-DM-19-2-corinfo-sist.-100x89.jpg 100w, https:\/\/www.milanosiamonoi.com\/wp-content\/uploads\/2022\/01\/69.01.06-A-Cort-DM-19-2-corinfo-sist.-50x45.jpg 50w, https:\/\/www.milanosiamonoi.com\/wp-content\/uploads\/2022\/01\/69.01.06-A-Cort-DM-19-2-corinfo-sist.-25x22.jpg 25w\" sizes=\"(max-width: 664px) 100vw, 664px\" \/><figcaption class=\"wp-element-caption\">Articolo da &#8220;Il Corriere della Sera&#8221;.<\/figcaption><\/figure><\/div>\n\n\n<p class=\"has-text-align-center\">Nel 1969 Crotti e Whittal, subentrati al ceco Robert Robetin alla guida della Nazionale, riportano Brivio in azzurro. Impegni di lavoro nel negozio di ortofrutta di famiglia non gli permettono di partecipare al mondiale gruppo C in Romania e purtroppo nel corso degli anni la cosa si ripeter\u00e0.<\/p>\n\n\n<div class=\"wp-block-image\">\n<figure class=\"aligncenter size-full is-resized\"><img loading=\"lazy\" decoding=\"async\" width=\"957\" height=\"705\" src=\"https:\/\/www.milanosiamonoi.com\/wp-content\/uploads\/2025\/01\/69.11.27-foto-Naz-Ita-Bulg-6-2-Viale.jpg\" alt=\"\" class=\"wp-image-20071\" style=\"width:745px;height:auto\" srcset=\"https:\/\/www.milanosiamonoi.com\/wp-content\/uploads\/2025\/01\/69.11.27-foto-Naz-Ita-Bulg-6-2-Viale.jpg 957w, https:\/\/www.milanosiamonoi.com\/wp-content\/uploads\/2025\/01\/69.11.27-foto-Naz-Ita-Bulg-6-2-Viale-300x221.jpg 300w, https:\/\/www.milanosiamonoi.com\/wp-content\/uploads\/2025\/01\/69.11.27-foto-Naz-Ita-Bulg-6-2-Viale-768x566.jpg 768w, https:\/\/www.milanosiamonoi.com\/wp-content\/uploads\/2025\/01\/69.11.27-foto-Naz-Ita-Bulg-6-2-Viale-100x74.jpg 100w, https:\/\/www.milanosiamonoi.com\/wp-content\/uploads\/2025\/01\/69.11.27-foto-Naz-Ita-Bulg-6-2-Viale-50x37.jpg 50w, https:\/\/www.milanosiamonoi.com\/wp-content\/uploads\/2025\/01\/69.11.27-foto-Naz-Ita-Bulg-6-2-Viale-25x18.jpg 25w, https:\/\/www.milanosiamonoi.com\/wp-content\/uploads\/2025\/01\/69.11.27-foto-Naz-Ita-Bulg-6-2-Viale-740x545.jpg 740w\" sizes=\"(max-width: 957px) 100vw, 957px\" \/><figcaption class=\"wp-element-caption\"><em>27 novembre 1969, Italia-Bulgaria 6-2. Renato \u00e8 il quinto da sinistra in piedi.<\/em><\/figcaption><\/figure><\/div>\n\n\n<p class=\"has-text-align-center\">Dal 1970\/71 Renato diventa capitano dei Diavoli. Il caso Paracchini (disputa tesseramento Torino\/Diavoli) con conseguente ritiro della squadra dal campionato da parte del presidente Monzino, manda a monte l&#8217;intera stagione. Pochi gli incontri di campionato, per di pi\u00f9 tutti annullati, inoltre la squalifica del club sancita dalla federazione rende impossibile persino giocare le amichevoli. <\/p>\n\n\n<div class=\"wp-block-image\">\n<figure class=\"aligncenter size-full\"><img loading=\"lazy\" decoding=\"async\" width=\"807\" height=\"723\" src=\"https:\/\/www.milanosiamonoi.com\/wp-content\/uploads\/2022\/11\/70.12.30-foto-art-grinta-Brivio-Corinf.png\" alt=\"\" class=\"wp-image-15220\" srcset=\"https:\/\/www.milanosiamonoi.com\/wp-content\/uploads\/2022\/11\/70.12.30-foto-art-grinta-Brivio-Corinf.png 807w, https:\/\/www.milanosiamonoi.com\/wp-content\/uploads\/2022\/11\/70.12.30-foto-art-grinta-Brivio-Corinf-300x269.png 300w, https:\/\/www.milanosiamonoi.com\/wp-content\/uploads\/2022\/11\/70.12.30-foto-art-grinta-Brivio-Corinf-768x688.png 768w, https:\/\/www.milanosiamonoi.com\/wp-content\/uploads\/2022\/11\/70.12.30-foto-art-grinta-Brivio-Corinf-100x90.png 100w, https:\/\/www.milanosiamonoi.com\/wp-content\/uploads\/2022\/11\/70.12.30-foto-art-grinta-Brivio-Corinf-50x45.png 50w, https:\/\/www.milanosiamonoi.com\/wp-content\/uploads\/2022\/11\/70.12.30-foto-art-grinta-Brivio-Corinf-25x22.png 25w, https:\/\/www.milanosiamonoi.com\/wp-content\/uploads\/2022\/11\/70.12.30-foto-art-grinta-Brivio-Corinf-740x663.png 740w\" sizes=\"(max-width: 807px) 100vw, 807px\" \/><figcaption class=\"wp-element-caption\"><em>Articolo da &#8220;Il Corriere d&#8217;Informazione&#8221;.<\/em><\/figcaption><\/figure><\/div>\n\n\n<p class=\"has-text-align-center\">1971\/72 Stagione indimenticabile. I Diavoli trovano nel canadese Morin un autentico trascinatore, peccato che a Cortina la lama di un pattino lo tolga di mezzo per un bel po&#8217; di partite. Alla fine sar\u00e0 secondo posto proprio alle spalle degli storici avversari ampezzani. <\/p>\n\n\n<div class=\"wp-block-image\">\n<figure class=\"aligncenter size-full is-resized\"><img loading=\"lazy\" decoding=\"async\" width=\"1022\" height=\"660\" src=\"https:\/\/www.milanosiamonoi.com\/wp-content\/uploads\/2022\/12\/71.10.08-foto-Gre-DM-7-6-DLibere-.jpg\" alt=\"\" class=\"wp-image-15400\" style=\"width:753px;height:auto\" srcset=\"https:\/\/www.milanosiamonoi.com\/wp-content\/uploads\/2022\/12\/71.10.08-foto-Gre-DM-7-6-DLibere-.jpg 1022w, https:\/\/www.milanosiamonoi.com\/wp-content\/uploads\/2022\/12\/71.10.08-foto-Gre-DM-7-6-DLibere--300x194.jpg 300w, https:\/\/www.milanosiamonoi.com\/wp-content\/uploads\/2022\/12\/71.10.08-foto-Gre-DM-7-6-DLibere--768x496.jpg 768w, https:\/\/www.milanosiamonoi.com\/wp-content\/uploads\/2022\/12\/71.10.08-foto-Gre-DM-7-6-DLibere--100x65.jpg 100w, https:\/\/www.milanosiamonoi.com\/wp-content\/uploads\/2022\/12\/71.10.08-foto-Gre-DM-7-6-DLibere--50x32.jpg 50w, https:\/\/www.milanosiamonoi.com\/wp-content\/uploads\/2022\/12\/71.10.08-foto-Gre-DM-7-6-DLibere--25x16.jpg 25w, https:\/\/www.milanosiamonoi.com\/wp-content\/uploads\/2022\/12\/71.10.08-foto-Gre-DM-7-6-DLibere--740x478.jpg 740w\" sizes=\"(max-width: 1022px) 100vw, 1022px\" \/><figcaption class=\"wp-element-caption\"><em>Grenoble, 8 ottobre 1971. Ingaggio d&#8217;inizio affidato alla tennista Gail Chanfreau, Brivio (Diavoli) e Grando (Grenoble) i contendenti. (Foto &#8220;Le Dauphin\u00e9 Lib\u00e9r\u00e9&#8221;)<\/em><\/figcaption><\/figure><\/div>\n\n\n<p class=\"has-text-align-center\">Renato vive il suo momento di gloria andando due volte in gol in un match con il Bolzano.<\/p>\n\n\n<div class=\"wp-block-image\">\n<figure class=\"aligncenter size-full is-resized\"><img loading=\"lazy\" decoding=\"async\" width=\"738\" height=\"829\" src=\"https:\/\/www.milanosiamonoi.com\/wp-content\/uploads\/2022\/12\/71.12.15-A-DM-Bz-5-3.jpg\" alt=\"\" class=\"wp-image-15439\" style=\"width:553px;height:auto\" srcset=\"https:\/\/www.milanosiamonoi.com\/wp-content\/uploads\/2022\/12\/71.12.15-A-DM-Bz-5-3.jpg 738w, https:\/\/www.milanosiamonoi.com\/wp-content\/uploads\/2022\/12\/71.12.15-A-DM-Bz-5-3-267x300.jpg 267w, https:\/\/www.milanosiamonoi.com\/wp-content\/uploads\/2022\/12\/71.12.15-A-DM-Bz-5-3-89x100.jpg 89w, https:\/\/www.milanosiamonoi.com\/wp-content\/uploads\/2022\/12\/71.12.15-A-DM-Bz-5-3-45x50.jpg 45w, https:\/\/www.milanosiamonoi.com\/wp-content\/uploads\/2022\/12\/71.12.15-A-DM-Bz-5-3-22x25.jpg 22w\" sizes=\"(max-width: 738px) 100vw, 738px\" \/><figcaption class=\"wp-element-caption\"><em>Articolo da &#8220;La Gazzetta dello Sport&#8221;.<\/em><\/figcaption><\/figure><\/div>\n\n\n<p class=\"has-text-align-center\">Nell&#8217;autunno del 1972 Morin e Gallo prendono la strada di Bolzano e Branduardi saluta definitivamente i Diavoli: squadra notevolmente indebolita. Siccome piove sul bagnato, nella Coppa Frerotti in pre-campionato Renato finisce k.o. Il divario con Cortina e Bolzano aumenta e per entrare nel girone scudetto la lotta con Merano e Gardena \u00e8 serratissima. Il quarto posto \u00e8 fin troppo.<\/p>\n\n\n<div class=\"wp-block-image\">\n<figure class=\"aligncenter size-full is-resized\"><img loading=\"lazy\" decoding=\"async\" width=\"1008\" height=\"766\" src=\"https:\/\/www.milanosiamonoi.com\/wp-content\/uploads\/2023\/02\/72.12.-foto-DM-Paracchini.jpg\" alt=\"\" class=\"wp-image-15733\" style=\"width:747px;height:auto\" srcset=\"https:\/\/www.milanosiamonoi.com\/wp-content\/uploads\/2023\/02\/72.12.-foto-DM-Paracchini.jpg 1008w, https:\/\/www.milanosiamonoi.com\/wp-content\/uploads\/2023\/02\/72.12.-foto-DM-Paracchini-300x228.jpg 300w, https:\/\/www.milanosiamonoi.com\/wp-content\/uploads\/2023\/02\/72.12.-foto-DM-Paracchini-768x584.jpg 768w, https:\/\/www.milanosiamonoi.com\/wp-content\/uploads\/2023\/02\/72.12.-foto-DM-Paracchini-100x76.jpg 100w, https:\/\/www.milanosiamonoi.com\/wp-content\/uploads\/2023\/02\/72.12.-foto-DM-Paracchini-50x38.jpg 50w, https:\/\/www.milanosiamonoi.com\/wp-content\/uploads\/2023\/02\/72.12.-foto-DM-Paracchini-25x19.jpg 25w, https:\/\/www.milanosiamonoi.com\/wp-content\/uploads\/2023\/02\/72.12.-foto-DM-Paracchini-740x562.jpg 740w\" sizes=\"(max-width: 1008px) 100vw, 1008px\" \/><figcaption class=\"wp-element-caption\"><em>Diavoli 1972\/73, Renato (C) tra Fabio Polloni e Luciano Nucci.<\/em><\/figcaption><\/figure><\/div>\n\n\n<p class=\"has-text-align-center\">1973\/74; Crisi societaria: addio Monzino\/Standa! La stagione la salva l&#8217;abbinamento pubblicitario con la Pintus Mobili di Bovisio Masciago.<\/p>\n\n\n<div class=\"wp-block-image\">\n<figure class=\"aligncenter size-full is-resized\"><img loading=\"lazy\" decoding=\"async\" width=\"875\" height=\"868\" src=\"https:\/\/www.milanosiamonoi.com\/wp-content\/uploads\/2025\/01\/73-74-12-foto-DM-Pintus-Brivio-e-Viale-fotoFill.jpg\" alt=\"\" class=\"wp-image-20093\" style=\"width:634px;height:auto\" srcset=\"https:\/\/www.milanosiamonoi.com\/wp-content\/uploads\/2025\/01\/73-74-12-foto-DM-Pintus-Brivio-e-Viale-fotoFill.jpg 875w, https:\/\/www.milanosiamonoi.com\/wp-content\/uploads\/2025\/01\/73-74-12-foto-DM-Pintus-Brivio-e-Viale-fotoFill-300x298.jpg 300w, https:\/\/www.milanosiamonoi.com\/wp-content\/uploads\/2025\/01\/73-74-12-foto-DM-Pintus-Brivio-e-Viale-fotoFill-150x150.jpg 150w, https:\/\/www.milanosiamonoi.com\/wp-content\/uploads\/2025\/01\/73-74-12-foto-DM-Pintus-Brivio-e-Viale-fotoFill-768x762.jpg 768w, https:\/\/www.milanosiamonoi.com\/wp-content\/uploads\/2025\/01\/73-74-12-foto-DM-Pintus-Brivio-e-Viale-fotoFill-100x100.jpg 100w, https:\/\/www.milanosiamonoi.com\/wp-content\/uploads\/2025\/01\/73-74-12-foto-DM-Pintus-Brivio-e-Viale-fotoFill-50x50.jpg 50w, https:\/\/www.milanosiamonoi.com\/wp-content\/uploads\/2025\/01\/73-74-12-foto-DM-Pintus-Brivio-e-Viale-fotoFill-25x25.jpg 25w, https:\/\/www.milanosiamonoi.com\/wp-content\/uploads\/2025\/01\/73-74-12-foto-DM-Pintus-Brivio-e-Viale-fotoFill-90x90.jpg 90w, https:\/\/www.milanosiamonoi.com\/wp-content\/uploads\/2025\/01\/73-74-12-foto-DM-Pintus-Brivio-e-Viale-fotoFill-740x734.jpg 740w\" sizes=\"(max-width: 875px) 100vw, 875px\" \/><figcaption class=\"wp-element-caption\"><em>Diavoli Pintus, Renato tra Paracchini e Viale.<\/em><\/figcaption><\/figure><\/div>\n\n\n<p class=\"has-text-align-center\">Siamo tutti Diavoli per merito di Aldo Federici.<\/p>\n\n\n<div class=\"wp-block-image\">\n<figure class=\"aligncenter size-large\"><img loading=\"lazy\" decoding=\"async\" width=\"1024\" height=\"831\" src=\"https:\/\/www.milanosiamonoi.com\/wp-content\/uploads\/2025\/01\/74.01.04-DM-Brivio-1024x831.jpg\" alt=\"\" class=\"wp-image-20105\" srcset=\"https:\/\/www.milanosiamonoi.com\/wp-content\/uploads\/2025\/01\/74.01.04-DM-Brivio-1024x831.jpg 1024w, https:\/\/www.milanosiamonoi.com\/wp-content\/uploads\/2025\/01\/74.01.04-DM-Brivio-300x243.jpg 300w, https:\/\/www.milanosiamonoi.com\/wp-content\/uploads\/2025\/01\/74.01.04-DM-Brivio-768x623.jpg 768w, https:\/\/www.milanosiamonoi.com\/wp-content\/uploads\/2025\/01\/74.01.04-DM-Brivio-1536x1246.jpg 1536w, https:\/\/www.milanosiamonoi.com\/wp-content\/uploads\/2025\/01\/74.01.04-DM-Brivio-2048x1661.jpg 2048w, https:\/\/www.milanosiamonoi.com\/wp-content\/uploads\/2025\/01\/74.01.04-DM-Brivio-100x81.jpg 100w, https:\/\/www.milanosiamonoi.com\/wp-content\/uploads\/2025\/01\/74.01.04-DM-Brivio-50x41.jpg 50w, https:\/\/www.milanosiamonoi.com\/wp-content\/uploads\/2025\/01\/74.01.04-DM-Brivio-25x20.jpg 25w, https:\/\/www.milanosiamonoi.com\/wp-content\/uploads\/2025\/01\/74.01.04-DM-Brivio-1126x913.jpg 1126w, https:\/\/www.milanosiamonoi.com\/wp-content\/uploads\/2025\/01\/74.01.04-DM-Brivio-740x600.jpg 740w\" sizes=\"(max-width: 1024px) 100vw, 1024px\" \/><figcaption class=\"wp-element-caption\"><em>Articolo da &#8220;La Gazzetta dello Sport&#8221;.<\/em><\/figcaption><\/figure><\/div>\n\n\n<p class=\"has-text-align-center\">La stagione seguente passa alla storia per le promesse non mantenute dal presidente Stante; e pensare che all&#8217;annuncio della sponsorizzazione BPM c&#8217;era la convinzione di avere risolto ogni problema!<\/p>\n\n\n<div class=\"wp-block-image\">\n<figure class=\"aligncenter size-full\"><img loading=\"lazy\" decoding=\"async\" width=\"726\" height=\"565\" src=\"https:\/\/www.milanosiamonoi.com\/wp-content\/uploads\/2025\/02\/74-75-foto-Brivio-DM-BPM.jpg\" alt=\"\" class=\"wp-image-20127\" srcset=\"https:\/\/www.milanosiamonoi.com\/wp-content\/uploads\/2025\/02\/74-75-foto-Brivio-DM-BPM.jpg 726w, https:\/\/www.milanosiamonoi.com\/wp-content\/uploads\/2025\/02\/74-75-foto-Brivio-DM-BPM-300x233.jpg 300w, https:\/\/www.milanosiamonoi.com\/wp-content\/uploads\/2025\/02\/74-75-foto-Brivio-DM-BPM-100x78.jpg 100w, https:\/\/www.milanosiamonoi.com\/wp-content\/uploads\/2025\/02\/74-75-foto-Brivio-DM-BPM-50x39.jpg 50w, https:\/\/www.milanosiamonoi.com\/wp-content\/uploads\/2025\/02\/74-75-foto-Brivio-DM-BPM-25x19.jpg 25w\" sizes=\"(max-width: 726px) 100vw, 726px\" \/><figcaption class=\"wp-element-caption\"><em>La grinta di Renato a guardia della gabbia difesa da Viale.<\/em><\/figcaption><\/figure><\/div>\n\n\n<p class=\"has-text-align-center\">Le soddisfazioni Renato se le toglie con il ritorno in Nazionale per i mondiali in Francia (1974) e in Giappone (Sapporo 1975).<\/p>\n\n\n<div class=\"wp-block-image\">\n<figure class=\"aligncenter size-full\"><img loading=\"lazy\" decoding=\"async\" width=\"910\" height=\"621\" src=\"https:\/\/www.milanosiamonoi.com\/wp-content\/uploads\/2025\/01\/75.-foto-Sapporo-RB-BP-FV-Petra.jpg\" alt=\"\" class=\"wp-image-20098\" srcset=\"https:\/\/www.milanosiamonoi.com\/wp-content\/uploads\/2025\/01\/75.-foto-Sapporo-RB-BP-FV-Petra.jpg 910w, https:\/\/www.milanosiamonoi.com\/wp-content\/uploads\/2025\/01\/75.-foto-Sapporo-RB-BP-FV-Petra-300x205.jpg 300w, https:\/\/www.milanosiamonoi.com\/wp-content\/uploads\/2025\/01\/75.-foto-Sapporo-RB-BP-FV-Petra-768x524.jpg 768w, https:\/\/www.milanosiamonoi.com\/wp-content\/uploads\/2025\/01\/75.-foto-Sapporo-RB-BP-FV-Petra-100x68.jpg 100w, https:\/\/www.milanosiamonoi.com\/wp-content\/uploads\/2025\/01\/75.-foto-Sapporo-RB-BP-FV-Petra-50x34.jpg 50w, https:\/\/www.milanosiamonoi.com\/wp-content\/uploads\/2025\/01\/75.-foto-Sapporo-RB-BP-FV-Petra-25x17.jpg 25w, https:\/\/www.milanosiamonoi.com\/wp-content\/uploads\/2025\/01\/75.-foto-Sapporo-RB-BP-FV-Petra-740x505.jpg 740w\" sizes=\"(max-width: 910px) 100vw, 910px\" \/><figcaption class=\"wp-element-caption\"><em>Renato, Bruno Pelacchi e Viale in Nazionale.<\/em><\/figcaption><\/figure><\/div>\n\n\n<p class=\"has-text-align-center\">La crisi del 1975 \u00e8 irrisolvibile, i Diavoli salutano la serie A, ma non Renato che emigra ad Alleghe (quarto posto 1975\/76)&#8230;<\/p>\n\n\n<div class=\"wp-block-image\">\n<figure class=\"aligncenter size-full\"><img loading=\"lazy\" decoding=\"async\" width=\"576\" height=\"729\" src=\"https:\/\/www.milanosiamonoi.com\/wp-content\/uploads\/2025\/02\/75-76-foto-Brivio-ad-Alleghe.jpg\" alt=\"\" class=\"wp-image-20121\" srcset=\"https:\/\/www.milanosiamonoi.com\/wp-content\/uploads\/2025\/02\/75-76-foto-Brivio-ad-Alleghe.jpg 576w, https:\/\/www.milanosiamonoi.com\/wp-content\/uploads\/2025\/02\/75-76-foto-Brivio-ad-Alleghe-237x300.jpg 237w, https:\/\/www.milanosiamonoi.com\/wp-content\/uploads\/2025\/02\/75-76-foto-Brivio-ad-Alleghe-79x100.jpg 79w, https:\/\/www.milanosiamonoi.com\/wp-content\/uploads\/2025\/02\/75-76-foto-Brivio-ad-Alleghe-40x50.jpg 40w, https:\/\/www.milanosiamonoi.com\/wp-content\/uploads\/2025\/02\/75-76-foto-Brivio-ad-Alleghe-20x25.jpg 20w\" sizes=\"(max-width: 576px) 100vw, 576px\" \/><figcaption class=\"wp-element-caption\"><em>Renato in maglia Alleghe.<\/em><\/figcaption><\/figure><\/div>\n\n\n<p class=\"has-text-align-center\"> e la stagione successiva a Torre Pellice in compagnia di Franco Viale.<\/p>\n\n\n<div class=\"wp-block-image\">\n<figure class=\"aligncenter size-large\"><img loading=\"lazy\" decoding=\"async\" width=\"1024\" height=\"676\" src=\"https:\/\/www.milanosiamonoi.com\/wp-content\/uploads\/2025\/01\/76-77-foto-Valpellice-libro-Hockey-Valpe-1024x676.jpg\" alt=\"\" class=\"wp-image-20107\" srcset=\"https:\/\/www.milanosiamonoi.com\/wp-content\/uploads\/2025\/01\/76-77-foto-Valpellice-libro-Hockey-Valpe-1024x676.jpg 1024w, https:\/\/www.milanosiamonoi.com\/wp-content\/uploads\/2025\/01\/76-77-foto-Valpellice-libro-Hockey-Valpe-300x198.jpg 300w, https:\/\/www.milanosiamonoi.com\/wp-content\/uploads\/2025\/01\/76-77-foto-Valpellice-libro-Hockey-Valpe-768x507.jpg 768w, https:\/\/www.milanosiamonoi.com\/wp-content\/uploads\/2025\/01\/76-77-foto-Valpellice-libro-Hockey-Valpe-100x66.jpg 100w, https:\/\/www.milanosiamonoi.com\/wp-content\/uploads\/2025\/01\/76-77-foto-Valpellice-libro-Hockey-Valpe-50x33.jpg 50w, https:\/\/www.milanosiamonoi.com\/wp-content\/uploads\/2025\/01\/76-77-foto-Valpellice-libro-Hockey-Valpe-25x16.jpg 25w, https:\/\/www.milanosiamonoi.com\/wp-content\/uploads\/2025\/01\/76-77-foto-Valpellice-libro-Hockey-Valpe-1126x743.jpg 1126w, https:\/\/www.milanosiamonoi.com\/wp-content\/uploads\/2025\/01\/76-77-foto-Valpellice-libro-Hockey-Valpe-740x488.jpg 740w, https:\/\/www.milanosiamonoi.com\/wp-content\/uploads\/2025\/01\/76-77-foto-Valpellice-libro-Hockey-Valpe.jpg 1208w\" sizes=\"(max-width: 1024px) 100vw, 1024px\" \/><figcaption class=\"wp-element-caption\">1976\/77: <em>Renato (2) a Torre Pellice con Franco Viale (20). (foto dal libro &#8220;Hockey Valpe &#8211; Storie e leggende di un mito&#8221;)<\/em><\/figcaption><\/figure><\/div>\n\n\n<p class=\"has-text-align-center\">1977\/78: ritorno ai Diavoli Gold Market di Mino Pastorelli. Al termine di questa stagione il capitano da l&#8217;addio ai Diavoli e alla serie A.<\/p>\n\n\n<div class=\"wp-block-image\">\n<figure class=\"aligncenter size-full is-resized\"><img loading=\"lazy\" decoding=\"async\" width=\"527\" height=\"778\" src=\"https:\/\/www.milanosiamonoi.com\/wp-content\/uploads\/2025\/01\/77.78-foto-R.-Brivio-DodoCivardi-Copia.jpg\" alt=\"\" class=\"wp-image-20102\" style=\"width:461px;height:auto\" srcset=\"https:\/\/www.milanosiamonoi.com\/wp-content\/uploads\/2025\/01\/77.78-foto-R.-Brivio-DodoCivardi-Copia.jpg 527w, https:\/\/www.milanosiamonoi.com\/wp-content\/uploads\/2025\/01\/77.78-foto-R.-Brivio-DodoCivardi-Copia-203x300.jpg 203w, https:\/\/www.milanosiamonoi.com\/wp-content\/uploads\/2025\/01\/77.78-foto-R.-Brivio-DodoCivardi-Copia-68x100.jpg 68w, https:\/\/www.milanosiamonoi.com\/wp-content\/uploads\/2025\/01\/77.78-foto-R.-Brivio-DodoCivardi-Copia-34x50.jpg 34w, https:\/\/www.milanosiamonoi.com\/wp-content\/uploads\/2025\/01\/77.78-foto-R.-Brivio-DodoCivardi-Copia-17x25.jpg 17w\" sizes=\"(max-width: 527px) 100vw, 527px\" \/><figcaption class=\"wp-element-caption\"><em>Ultima stagione nei Diavoli Gold Market.<\/em><\/figcaption><\/figure><\/div>\n\n\n<p class=\"has-text-align-center\">Non \u00e8 un addio all&#8217;hockey giocato. Per pura passione Renato calza i pattini e impugna il bastone nei campionati di serie C, per due anni con l&#8217;Atalanta di Piazzatorre e nelle stagioni successive con i sempre giovani Old Stars Milano.  <\/p>\n\n\n<div class=\"wp-block-image\">\n<figure class=\"aligncenter size-large\"><img loading=\"lazy\" decoding=\"async\" width=\"1024\" height=\"653\" src=\"https:\/\/www.milanosiamonoi.com\/wp-content\/uploads\/2024\/05\/78-79-foto-Atalanta-Piazzatorre-Bressan-MSN-1024x653.jpg\" alt=\"\" class=\"wp-image-19279\" srcset=\"https:\/\/www.milanosiamonoi.com\/wp-content\/uploads\/2024\/05\/78-79-foto-Atalanta-Piazzatorre-Bressan-MSN-1024x653.jpg 1024w, https:\/\/www.milanosiamonoi.com\/wp-content\/uploads\/2024\/05\/78-79-foto-Atalanta-Piazzatorre-Bressan-MSN-300x191.jpg 300w, https:\/\/www.milanosiamonoi.com\/wp-content\/uploads\/2024\/05\/78-79-foto-Atalanta-Piazzatorre-Bressan-MSN-768x490.jpg 768w, https:\/\/www.milanosiamonoi.com\/wp-content\/uploads\/2024\/05\/78-79-foto-Atalanta-Piazzatorre-Bressan-MSN-100x64.jpg 100w, https:\/\/www.milanosiamonoi.com\/wp-content\/uploads\/2024\/05\/78-79-foto-Atalanta-Piazzatorre-Bressan-MSN-50x32.jpg 50w, https:\/\/www.milanosiamonoi.com\/wp-content\/uploads\/2024\/05\/78-79-foto-Atalanta-Piazzatorre-Bressan-MSN-25x16.jpg 25w, https:\/\/www.milanosiamonoi.com\/wp-content\/uploads\/2024\/05\/78-79-foto-Atalanta-Piazzatorre-Bressan-MSN-1126x718.jpg 1126w, https:\/\/www.milanosiamonoi.com\/wp-content\/uploads\/2024\/05\/78-79-foto-Atalanta-Piazzatorre-Bressan-MSN-740x472.jpg 740w, https:\/\/www.milanosiamonoi.com\/wp-content\/uploads\/2024\/05\/78-79-foto-Atalanta-Piazzatorre-Bressan-MSN.jpg 1189w\" sizes=\"(max-width: 1024px) 100vw, 1024px\" \/><figcaption class=\"wp-element-caption\"><em>1978\/79: Atalanta Piazzatorre. Renato il terzo in piedi da sinistra.<\/em><\/figcaption><\/figure><\/div>\n\n<div class=\"wp-block-image\">\n<figure class=\"aligncenter size-full\"><img loading=\"lazy\" decoding=\"async\" width=\"743\" height=\"555\" src=\"https:\/\/www.milanosiamonoi.com\/wp-content\/uploads\/2023\/09\/80-81-foto-Old-Stars-Mi.jpg\" alt=\"\" class=\"wp-image-17771\" srcset=\"https:\/\/www.milanosiamonoi.com\/wp-content\/uploads\/2023\/09\/80-81-foto-Old-Stars-Mi.jpg 743w, https:\/\/www.milanosiamonoi.com\/wp-content\/uploads\/2023\/09\/80-81-foto-Old-Stars-Mi-300x224.jpg 300w, https:\/\/www.milanosiamonoi.com\/wp-content\/uploads\/2023\/09\/80-81-foto-Old-Stars-Mi-100x75.jpg 100w, https:\/\/www.milanosiamonoi.com\/wp-content\/uploads\/2023\/09\/80-81-foto-Old-Stars-Mi-50x37.jpg 50w, https:\/\/www.milanosiamonoi.com\/wp-content\/uploads\/2023\/09\/80-81-foto-Old-Stars-Mi-25x19.jpg 25w, https:\/\/www.milanosiamonoi.com\/wp-content\/uploads\/2023\/09\/80-81-foto-Old-Stars-Mi-740x553.jpg 740w, https:\/\/www.milanosiamonoi.com\/wp-content\/uploads\/2023\/09\/80-81-foto-Old-Stars-Mi-480x360.jpg 480w\" sizes=\"(max-width: 743px) 100vw, 743px\" \/><figcaption class=\"wp-element-caption\"><em>1980\/81: Old Stars HC Milano. Renato \u00e8 il pi\u00f9 alto tra quelli in piedi.<\/em><\/figcaption><\/figure><\/div>\n\n<div class=\"wp-block-image\">\n<figure class=\"aligncenter size-full\"><img loading=\"lazy\" decoding=\"async\" width=\"604\" height=\"427\" src=\"https:\/\/www.milanosiamonoi.com\/wp-content\/uploads\/2023\/10\/foto-Old-Stars-Favro-prob.-81-82.jpeg\" alt=\"\" class=\"wp-image-17851\" srcset=\"https:\/\/www.milanosiamonoi.com\/wp-content\/uploads\/2023\/10\/foto-Old-Stars-Favro-prob.-81-82.jpeg 604w, https:\/\/www.milanosiamonoi.com\/wp-content\/uploads\/2023\/10\/foto-Old-Stars-Favro-prob.-81-82-300x212.jpeg 300w, https:\/\/www.milanosiamonoi.com\/wp-content\/uploads\/2023\/10\/foto-Old-Stars-Favro-prob.-81-82-100x71.jpeg 100w, https:\/\/www.milanosiamonoi.com\/wp-content\/uploads\/2023\/10\/foto-Old-Stars-Favro-prob.-81-82-50x35.jpeg 50w, https:\/\/www.milanosiamonoi.com\/wp-content\/uploads\/2023\/10\/foto-Old-Stars-Favro-prob.-81-82-25x18.jpeg 25w\" sizes=\"(max-width: 604px) 100vw, 604px\" \/><figcaption class=\"wp-element-caption\"><em>1981\/82: Old Stars HC Milano. Renato il sesto in piedi da sinistra.<\/em><\/figcaption><\/figure><\/div>\n\n\n<p class=\"has-text-align-center\">Nel 1984\/85 d\u00e0 una mano all&#8217;amico Guido &#8220;Jacky&#8221; Radaelli coach dell&#8217;HC Milano in serie B. Un pugno di partite, giusto per fare da chioccia ai giovanissimi.<\/p>\n\n\n\n<p class=\"has-text-align-center\">Una lunga \u00e8 bella carriera del Capitano dei Diavoli scuola Aldo Federici.<\/p>\n\n\n\n<p class=\"has-text-align-center\"><strong>BUON COMPLEANNO RENATO!<\/strong><\/p>\n","protected":false},"excerpt":{"rendered":"<p>Renato Brivio (Binasco 6 maggio 1944) \u00e8 nel buon numero di ragazzini dediti a frequentare il Palazzo del ghiaccio di via Piranesi che si innamorano&#8230;<\/p>\n","protected":false},"author":2,"featured_media":20294,"comment_status":"closed","ping_status":"closed","sticky":false,"template":"","format":"standard","meta":{"spay_email":"","footnotes":""},"categories":[220,3],"tags":[334,9,123,89,94,172,34,35],"jetpack_featured_media_url":"https:\/\/www.milanosiamonoi.com\/wp-content\/uploads\/2025\/05\/brivio.jpg","_links":{"self":[{"href":"https:\/\/www.milanosiamonoi.com\/index.php\/wp-json\/wp\/v2\/posts\/20029"}],"collection":[{"href":"https:\/\/www.milanosiamonoi.com\/index.php\/wp-json\/wp\/v2\/posts"}],"about":[{"href":"https:\/\/www.milanosiamonoi.com\/index.php\/wp-json\/wp\/v2\/types\/post"}],"author":[{"embeddable":true,"href":"https:\/\/www.milanosiamonoi.com\/index.php\/wp-json\/wp\/v2\/users\/2"}],"replies":[{"embeddable":true,"href":"https:\/\/www.milanosiamonoi.com\/index.php\/wp-json\/wp\/v2\/comments?post=20029"}],"version-history":[{"count":87,"href":"https:\/\/www.milanosiamonoi.com\/index.php\/wp-json\/wp\/v2\/posts\/20029\/revisions"}],"predecessor-version":[{"id":20295,"href":"https:\/\/www.milanosiamonoi.com\/index.php\/wp-json\/wp\/v2\/posts\/20029\/revisions\/20295"}],"wp:featuredmedia":[{"embeddable":true,"href":"https:\/\/www.milanosiamonoi.com\/index.php\/wp-json\/wp\/v2\/media\/20294"}],"wp:attachment":[{"href":"https:\/\/www.milanosiamonoi.com\/index.php\/wp-json\/wp\/v2\/media?parent=20029"}],"wp:term":[{"taxonomy":"category","embeddable":true,"href":"https:\/\/www.milanosiamonoi.com\/index.php\/wp-json\/wp\/v2\/categories?post=20029"},{"taxonomy":"post_tag","embeddable":true,"href":"https:\/\/www.milanosiamonoi.com\/index.php\/wp-json\/wp\/v2\/tags?post=20029"}],"curies":[{"name":"wp","href":"https:\/\/api.w.org\/{rel}","templated":true}]}}