{"id":18191,"date":"2024-01-18T08:00:00","date_gmt":"2024-01-18T08:00:00","guid":{"rendered":"https:\/\/www.milanosiamonoi.com\/?p=18191"},"modified":"2024-01-04T19:53:25","modified_gmt":"2024-01-04T19:53:25","slug":"ricordare-guglielmo-levi","status":"publish","type":"post","link":"https:\/\/www.milanosiamonoi.com\/index.php\/2024\/01\/18\/ricordare-guglielmo-levi\/","title":{"rendered":"Ricordare Guglielmo Levi"},"content":{"rendered":"\n<p class=\"has-text-align-justify\">Un anno fa ricordavamo su questo sito la tragica fine di Guglielmo Levi, uno dei primi portieri dell&#8217;Hockey Club Milano, tanto da comparire sul libro Ca-tro-go come socio della societ\u00e0 nel 1931. Al suo nome, in quella pubblicazione, era associato un indirizzo, quello di via Ariosto 3. E&#8217; cos\u00ec che in quell&#8217;occasione abbiamo avuto l&#8217;idea di sottoporre il suo nominativo al &#8220;Comitato per le Pietre d&#8217;Inciampo&#8221; di Milano. Abbiamo raccontato la sua storia, la sua tragica fine, fornito le testimonianze in nostro possesso e quindi, alcuni mesi fa, abbiamo avuto conferma che la sua figura sar\u00e0 ricordata con una Pietra, proprio a quell&#8217;ultimo indirizzo di residenza conosciuto, via Ariosto 3. <\/p>\n\n\n\n<p class=\"has-text-align-justify\">La posa avverr\u00e0 gioved\u00ec 25 gennaio alle ore 9.00 ed \u00e8 aperta a quanti vogliano partecipare, ricordandolo.<\/p>\n\n\n\n<p class=\"has-text-align-justify\">Nell&#8217;anno del centenario della fondazione dell&#8217;Hockey Club Milano pensiamo sia doveroso pensare a uno dei primi soci, un ragazzo che ha scritto alcune delle pionieristiche pagine di una storia, quella hockeistica milanese, che continuiamo a voler raccontare in tutte le sue sfaccettature, anche quelle pi\u00f9 tragiche. Ancora una volta ci sentiamo in obbligo di salutarlo: ciao Baby!<\/p>\n","protected":false},"excerpt":{"rendered":"<p>Un anno fa ricordavamo su questo sito la tragica fine di Guglielmo Levi, uno dei primi portieri dell&#8217;Hockey Club Milano, tanto da comparire sul libro&#8230;<\/p>\n","protected":false},"author":1,"featured_media":18322,"comment_status":"closed","ping_status":"closed","sticky":false,"template":"","format":"standard","meta":{"spay_email":"","footnotes":""},"categories":[3],"tags":[],"jetpack_featured_media_url":"https:\/\/www.milanosiamonoi.com\/wp-content\/uploads\/2024\/01\/levi_ricordare.jpg","_links":{"self":[{"href":"https:\/\/www.milanosiamonoi.com\/index.php\/wp-json\/wp\/v2\/posts\/18191"}],"collection":[{"href":"https:\/\/www.milanosiamonoi.com\/index.php\/wp-json\/wp\/v2\/posts"}],"about":[{"href":"https:\/\/www.milanosiamonoi.com\/index.php\/wp-json\/wp\/v2\/types\/post"}],"author":[{"embeddable":true,"href":"https:\/\/www.milanosiamonoi.com\/index.php\/wp-json\/wp\/v2\/users\/1"}],"replies":[{"embeddable":true,"href":"https:\/\/www.milanosiamonoi.com\/index.php\/wp-json\/wp\/v2\/comments?post=18191"}],"version-history":[{"count":3,"href":"https:\/\/www.milanosiamonoi.com\/index.php\/wp-json\/wp\/v2\/posts\/18191\/revisions"}],"predecessor-version":[{"id":18324,"href":"https:\/\/www.milanosiamonoi.com\/index.php\/wp-json\/wp\/v2\/posts\/18191\/revisions\/18324"}],"wp:featuredmedia":[{"embeddable":true,"href":"https:\/\/www.milanosiamonoi.com\/index.php\/wp-json\/wp\/v2\/media\/18322"}],"wp:attachment":[{"href":"https:\/\/www.milanosiamonoi.com\/index.php\/wp-json\/wp\/v2\/media?parent=18191"}],"wp:term":[{"taxonomy":"category","embeddable":true,"href":"https:\/\/www.milanosiamonoi.com\/index.php\/wp-json\/wp\/v2\/categories?post=18191"},{"taxonomy":"post_tag","embeddable":true,"href":"https:\/\/www.milanosiamonoi.com\/index.php\/wp-json\/wp\/v2\/tags?post=18191"}],"curies":[{"name":"wp","href":"https:\/\/api.w.org\/{rel}","templated":true}]}}