{"id":12239,"date":"2023-01-27T07:00:56","date_gmt":"2023-01-27T07:00:56","guid":{"rendered":"http:\/\/milanosiamonoi.com\/?p=12239"},"modified":"2023-01-27T08:08:35","modified_gmt":"2023-01-27T08:08:35","slug":"se-comprendere-e-impossibile-conoscere-e-necessario","status":"publish","type":"post","link":"https:\/\/www.milanosiamonoi.com\/index.php\/2023\/01\/27\/se-comprendere-e-impossibile-conoscere-e-necessario\/","title":{"rendered":"Se comprendere \u00e8 impossibile, conoscere \u00e8 necessario"},"content":{"rendered":"\n<p class=\"has-text-align-justify\">5 febbraio 2022<br>&#8220;Ciao Claudio, mattino o pomeriggio?&#8221;<br>&#8220;Stacco alle 15. Ti chiamo io ;-)&#8221;<br>Queste righe nascono cos\u00ec. In fondo con Tiziano \u00e8 sempre stato cos\u00ec. Una telefonata, un messaggio. Una notizia condivisa. Ulteriori ricerche dettate dalla voglia di scrivere un articolo per condividere qualcosa con tutti  coloro abbiano due minuti della propria vita da dedicarci. L&#8217;idea \u00e8 sempre stata quella di raccontare i fatti della Milano hockeystica, allacciandola magari alla Storia con la S maiuscola.<br>Alla soglia dei cento anni di vita di questo sport in citt\u00e0, la tragedia pi\u00f9 grande che il mondo ha vissuto \u00e8 la seconda guerra mondiale. Ne abbiamo parlato in pi\u00f9 parti: alla triste fine di Camillo Mussi abbiamo dedicato un articolo in cui non abbiamo potuto tacere di Guglielmo Jervis. Tra le righe abbiamo raccontato delle peripezie della famiglia Covo, che al Milano, in epoche diverse, vide protagonisti tre suoi figli.<br>Negli anni abbiamo fatto ricerche per scoprire che fine avessero fatto quanti, protagonisti prima del conflitto, &#8220;sparirono&#8221; quando la luce torn\u00f2 a vincere le tenebre della guerra.<br>Non sempre abbiamo trovato riscontri al nostro cercare. A volte, per\u00f2, basta un buon contatto per trovare qualcosa.<br>&#8220;Ciao Claudio, ti ricordi di Giani&#8221;, &#8220;certo, quello che ha scritto della Barcellona, del pattinaggio artistico&#8221;.<br>&#8220;Mi ha mandato delle foto di un libro, penso possano essere interessanti&#8221;&#8230;<\/p>\n\n\n\n<p class=\"has-text-align-justify\"><br>Guglielmo Levi fu portiere di secondo piano dell&#8217;Hockey Club Milano. Nato il 19 dicembre 1910 a Milano da famiglia di origine ebraica ebbe, sportivamente parlando, la sfortuna di trovarsi in &#8220;competizione&#8221; con campioni del calibro di Calcaterra e Gerosa. Non furono molte le occasioni per mettersi in luce sulle piste ghiacciate con la maglia della prima squadra ma per molti anni non fece mancare il proprio contributo alla societ\u00e0 Hockey Club Milano, essendone socio e tesserato. In questa veste figurava gi\u00e0 nel 1931 sulla pubblicazione Ca-tro-go: tra i 57 soci guidati dal Conte Alberto Bonacossa c&#8217;era anche il suo nome, Guglielmo Levi &#8211; via Ariosto 3.<\/p>\n\n\n\n<figure class=\"wp-block-image size-large\"><img loading=\"lazy\" decoding=\"async\" width=\"800\" height=\"480\" src=\"https:\/\/www.milanosiamonoi.com\/wp-content\/uploads\/2022\/02\/levi_milano2.jpg\" alt=\"\" class=\"wp-image-12253\" srcset=\"https:\/\/www.milanosiamonoi.com\/wp-content\/uploads\/2022\/02\/levi_milano2.jpg 800w, https:\/\/www.milanosiamonoi.com\/wp-content\/uploads\/2022\/02\/levi_milano2-300x180.jpg 300w, https:\/\/www.milanosiamonoi.com\/wp-content\/uploads\/2022\/02\/levi_milano2-768x461.jpg 768w, https:\/\/www.milanosiamonoi.com\/wp-content\/uploads\/2022\/02\/levi_milano2-100x60.jpg 100w, https:\/\/www.milanosiamonoi.com\/wp-content\/uploads\/2022\/02\/levi_milano2-50x30.jpg 50w, https:\/\/www.milanosiamonoi.com\/wp-content\/uploads\/2022\/02\/levi_milano2-25x15.jpg 25w, https:\/\/www.milanosiamonoi.com\/wp-content\/uploads\/2022\/02\/levi_milano2-740x444.jpg 740w\" sizes=\"(max-width: 800px) 100vw, 800px\" \/><figcaption>da sin. Carlassare, A. Trovati, Guglielmo Levi, F. Arnoldi, Benni e Galassi (foto Bressan)<\/figcaption><\/figure>\n\n\n\n<p class=\"has-text-align-justify\"><br>Come detto Levi ebbe modo di giocare soprattutto con la seconda squadra del Milano. Con impegno, dedizione, coraggio. Almeno fino al 1938 anno in cui furono promulgate le leggi razziali.  Porta uno dei cognomi ebraici pi\u00f9 comuni in Italia. Paradossalmente ci appare normale non trovarlo sui ritagli dei giornali. Pensiamo, speriamo, che abbia trovato modo di seguire l&#8217;esempio di Giulio e Pietro Covo, emigrati per tempo in Messico e Canada a differenza del padre e di alcuni familiari che purtroppo vivranno sulla loro pelle pi\u00f9 di chiunque altro la follia umana. <\/p>\n\n\n\n<div class=\"wp-block-image\"><figure class=\"aligncenter size-large\"><img loading=\"lazy\" decoding=\"async\" width=\"324\" height=\"697\" src=\"https:\/\/www.milanosiamonoi.com\/wp-content\/uploads\/2022\/02\/IMG-20220205-WA0009.jpg\" alt=\"\" class=\"wp-image-12254\" srcset=\"https:\/\/www.milanosiamonoi.com\/wp-content\/uploads\/2022\/02\/IMG-20220205-WA0009.jpg 324w, https:\/\/www.milanosiamonoi.com\/wp-content\/uploads\/2022\/02\/IMG-20220205-WA0009-139x300.jpg 139w, https:\/\/www.milanosiamonoi.com\/wp-content\/uploads\/2022\/02\/IMG-20220205-WA0009-46x100.jpg 46w, https:\/\/www.milanosiamonoi.com\/wp-content\/uploads\/2022\/02\/IMG-20220205-WA0009-23x50.jpg 23w, https:\/\/www.milanosiamonoi.com\/wp-content\/uploads\/2022\/02\/IMG-20220205-WA0009-12x25.jpg 12w\" sizes=\"(max-width: 324px) 100vw, 324px\" \/><figcaption>L&#8217;ultima partita di Levi, 5 dicembre 1935. Curiosamente difende la gabbia del St. Moritz contro i Diavoli Rossoneri. Gli elvetici erano giunti a Milano senza portieri.<\/figcaption><\/figure><\/div>\n\n\n\n<p class=\"has-text-align-justify\">Su una Domenica del Corriere del 1948 si parla di un incidente di gioco occorso anni prima al portiere Revi. La storpiatura del nome appare evidente: non ci sono tracce di questo giocatore da nessun&#8217;altra parte, deve trattarsi sicuramente di Levi, in qualche modo ci sembra una buona notizia. Quando nel dopoguerra il Milano rinasce dalle proprie ceneri non si fa cenno da nessuna parte alla sorte di Levi, a differenza ad esempio di quanto viene fatto per Mussi e Jervis. In un certo senso anche questa cosa ci tranquillizza. Almeno fino a quando ci arrivano le foto di quel libro e quelle che erano state &#8220;paure&#8221; represse in merito alla sua sorte trovano sfogo in quelle righe tratte da un testo, &#8220;Dieci testimoni raccontano&#8221;, e dalla memoria di Ugo Del Monte, l&#8217;ultimo testimone del vissuto di Guglielmo Levi. Quello che seguir\u00e0 dopo possiamo solo, con tristezza, immaginarlo.<\/p>\n\n\n\n<p class=\"has-text-align-justify\"><br>&#8220;Nel 1942, tutta la nostra famiglia si riun\u00ec a Moltrasio, in una villa sul Lago di Como, a poca distanza dalla Svizzera che si trova appena al di l\u00e0 della montagna. I miei genitori, Gigi del Monte e Anna Levi, mia sorella Mirella e io, avevamo lasciato Napoli per raggiungere a Milano il nonno materno, Giuseppe Levi e i suoi figli, Samuele e Guglielmo, fratelli minori della mia mamma. Il minore dei due, Guglielmo detto Baby, era un grande sportivo e aveva ricoperto a lungo il rischioso ruolo di portiere della squadra di hockey su ghiaccio di Milano. Eravamo dunque tutti sfollati a Moltrasio per sfuggire ai bombardamenti della citt\u00e0 e poi, dopo l&#8217;8 settembre del 1943, eravamo rimasti li con l&#8217;intenzione di passare in Svizzera, per metterci in salvo dai nazifascisti\u2026 Si giunse cos\u00ec al 26 ottobre. Quella sera, dopo cena, eravamo tutti riuniti nel salotto. C&#8217;era anche il nonno, convalescente. Seduto sulle sue ginocchia giocavo con il suo orologio da taschino, come tante altre volte. Ad un certo punto sentimmo una scampanellata. Lo zio Sam usc\u00ec nel giardino, e dopo essersi affacciato verso il cancello, rientr\u00f2 precipitosamente e ci bisbigli\u00f2 di fuggire perch\u00e8 c&#8217;erano i tedeschi.&#8221;<br>E&#8217; cos\u00ec che cominci\u00f2 la fuga di Ugo, Mirella e Anna, aiutati da poche ma decise persone a mettersi in salvo in Svizzera. E&#8217; cos\u00ec che cominci\u00f2 la fine del resto della famiglia.<br>Luigi Del Monte, Giuseppe Levi, Samuele Levi e Guglielmo Levi furono immediatamente trasferiti a Milano, carcere di San Vittore. Tutti terminarono i loro giorni ad Auschwitz.<br>Il nome di Luigi Del Monte compare sul muro dei nomi, nel memoriale della Shoah della stazione centrale. Ebbe la sfortuna di essere caricato sul primo treno che part\u00ec dal capoluogo milanese verso il campo di sterminio polacco: 6 dicembre 1943. I Levi invece furono trasferiti al campo di raccolta di Fossoli, nei pressi di Carpi. <\/p>\n\n\n\n<figure class=\"wp-block-image size-large\"><img loading=\"lazy\" decoding=\"async\" width=\"800\" height=\"524\" src=\"https:\/\/www.milanosiamonoi.com\/wp-content\/uploads\/2022\/02\/fossoli_camp.jpg\" alt=\"\" class=\"wp-image-12255\" srcset=\"https:\/\/www.milanosiamonoi.com\/wp-content\/uploads\/2022\/02\/fossoli_camp.jpg 800w, https:\/\/www.milanosiamonoi.com\/wp-content\/uploads\/2022\/02\/fossoli_camp-300x197.jpg 300w, https:\/\/www.milanosiamonoi.com\/wp-content\/uploads\/2022\/02\/fossoli_camp-768x503.jpg 768w, https:\/\/www.milanosiamonoi.com\/wp-content\/uploads\/2022\/02\/fossoli_camp-100x66.jpg 100w, https:\/\/www.milanosiamonoi.com\/wp-content\/uploads\/2022\/02\/fossoli_camp-50x33.jpg 50w, https:\/\/www.milanosiamonoi.com\/wp-content\/uploads\/2022\/02\/fossoli_camp-25x16.jpg 25w, https:\/\/www.milanosiamonoi.com\/wp-content\/uploads\/2022\/02\/fossoli_camp-740x485.jpg 740w\" sizes=\"(max-width: 800px) 100vw, 800px\" \/><figcaption>Un&#8217;altra immagine del campo di Fossoli<\/figcaption><\/figure>\n\n\n\n<p class=\"has-text-align-justify\">Per loro, il viaggio verso la morte part\u00ec qualche mese dopo, il 16 maggio 1944. Ad attenderli, il 23 maggio, un lugubre cancello: \u201cArbeit macht frei\u201d. Furono 6806 gli italiani di origine ebraica ad entrare nei lager. Solo 837 tornarono. Tra loro purtroppo non vi fu Guglielmo: l&#8217;hockeista milanese vittima dell&#8217;olocausto. <\/p>\n\n\n\n<p class=\"has-text-align-justify\">A ottanta anni da questa tragica vicenda personale, sottaciuta e infine dimenticata, ci pare giusto ricordarlo:<\/p>\n\n\n\n<p>Ciao Baby!<\/p>\n","protected":false},"excerpt":{"rendered":"<p>5 febbraio 2022&#8220;Ciao Claudio, mattino o pomeriggio?&#8221;&#8220;Stacco alle 15. Ti chiamo io ;-)&#8221;Queste righe nascono cos\u00ec. In fondo con Tiziano \u00e8 sempre stato cos\u00ec. Una&#8230;<\/p>\n","protected":false},"author":1,"featured_media":12252,"comment_status":"closed","ping_status":"closed","sticky":false,"template":"","format":"standard","meta":{"spay_email":"","footnotes":""},"categories":[3],"tags":[225,222,6,221,224,172,229,90,266,226],"jetpack_featured_media_url":"https:\/\/www.milanosiamonoi.com\/wp-content\/uploads\/2022\/02\/levi_g.jpg","_links":{"self":[{"href":"https:\/\/www.milanosiamonoi.com\/index.php\/wp-json\/wp\/v2\/posts\/12239"}],"collection":[{"href":"https:\/\/www.milanosiamonoi.com\/index.php\/wp-json\/wp\/v2\/posts"}],"about":[{"href":"https:\/\/www.milanosiamonoi.com\/index.php\/wp-json\/wp\/v2\/types\/post"}],"author":[{"embeddable":true,"href":"https:\/\/www.milanosiamonoi.com\/index.php\/wp-json\/wp\/v2\/users\/1"}],"replies":[{"embeddable":true,"href":"https:\/\/www.milanosiamonoi.com\/index.php\/wp-json\/wp\/v2\/comments?post=12239"}],"version-history":[{"count":5,"href":"https:\/\/www.milanosiamonoi.com\/index.php\/wp-json\/wp\/v2\/posts\/12239\/revisions"}],"predecessor-version":[{"id":15366,"href":"https:\/\/www.milanosiamonoi.com\/index.php\/wp-json\/wp\/v2\/posts\/12239\/revisions\/15366"}],"wp:featuredmedia":[{"embeddable":true,"href":"https:\/\/www.milanosiamonoi.com\/index.php\/wp-json\/wp\/v2\/media\/12252"}],"wp:attachment":[{"href":"https:\/\/www.milanosiamonoi.com\/index.php\/wp-json\/wp\/v2\/media?parent=12239"}],"wp:term":[{"taxonomy":"category","embeddable":true,"href":"https:\/\/www.milanosiamonoi.com\/index.php\/wp-json\/wp\/v2\/categories?post=12239"},{"taxonomy":"post_tag","embeddable":true,"href":"https:\/\/www.milanosiamonoi.com\/index.php\/wp-json\/wp\/v2\/tags?post=12239"}],"curies":[{"name":"wp","href":"https:\/\/api.w.org\/{rel}","templated":true}]}}